{"id":7270,"date":"2017-06-15T02:44:34","date_gmt":"2017-06-15T02:44:34","guid":{"rendered":"http:\/\/todoapulmon-rafaela.com\/?p=7270"},"modified":"2017-06-15T02:44:34","modified_gmt":"2017-06-15T02:44:34","slug":"daniel-bima-fue-campeon-en-alcorta","status":"publish","type":"post","link":"https:\/\/todoapulmon-rafaela.com\/index.php\/2017\/06\/15\/daniel-bima-fue-campeon-en-alcorta\/","title":{"rendered":"Daniel Bima fue campe\u00f3n en Alcorta"},"content":{"rendered":"<p>Durante los d\u00edas 10 y 11 de junio se llev\u00f3 a cabo en el Club Los Andes de Alcorta y en las subsedes de Elortondo y Los Quirquinchos, la 4ta fecha del \u201cTorneo Anual Amistad\u201d, organizado por la Comisi\u00f3n de Torneos Amistad, dependiente de la Federaci\u00f3n Santafesina de Pelota Paleta, en el cual compitieron tres jugadores de Atl\u00e9tico de Rafaela.<\/p>\n<p>En Categor\u00eda \u201cC\u201d el jugador de la entidad rafaelina, Daniel Bima. logr\u00f3 el campeonato junto a Ariel Di Luch de Elortondo. El s\u00e1bado se jug\u00f3 la ronda clasificatoria en la cual ganaron los dos partidos por 25 a 17 y 25 a 24, luego vencieron en la semifinal a A. Vrbitza (Quirquinchos) &#8211; M. Ceriatti\u00a0 (Correa) por 25 a 17 y\u00a0 el domingo se disput\u00f3 \u00a0la final, en la cual triunfaron ante la pareja Juan Robbledo (Gral Roca, Cba) y Bernardino Biglia (Carlos Paz) por 30 a 19.<\/p>\n<p>En esta categor\u00eda tambi\u00e9n participaron los pelotaris rafaelinos N\u00e9stor Castellano y Germ\u00e1n Stoffel.<\/p>\n<p><u>EN PARANA<\/u><\/p>\n<p>El s\u00e1bado 3 de junio se disput\u00f3 un torneo Interprovincial de 4ta categor\u00eda en la ciudad de Paran\u00e1, del cual participaron parejas de Atl\u00e9tico formadas por Hugo Bogado &#8211; C\u00e9sar Azzaroni y Cristian Emmert &#8211; Carlos Trossero, los cuales se consagraron campeones luego de ganar los dos partidos de la zona, la semifinal y vencer al binomio entrerriano J. Cruz (La Paz) &#8211; E. Toppino (Parana) por 30 a 24; y la de Cristian Emmert &#8211; Cesar Azzaroni quienes no clasificaron en la primera ronda.<\/p>\n<p>La Subcomisi\u00f3n quiere destacar y agradece la colaboraci\u00f3n econ\u00f3mica y deportiva recibida\u00a0de parte de la Comisi\u00f3n Asesora Municipal de Deporte de la ciudad de Rafaela, brindada a esta actividad y a sus jugadores.<\/p>\n","protected":false},"excerpt":{"rendered":"<p>Durante los d\u00edas 10 y 11 de junio se llev\u00f3 a cabo en el Club Los Andes de Alcorta y<\/p>\n","protected":false},"author":2,"featured_media":7271,"comment_status":"open","ping_status":"open","sticky":false,"template":"","format":"standard","meta":{"footnotes":""},"categories":[1],"tags":[],"class_list":["post-7270","post","type-post","status-publish","format-standard","has-post-thumbnail","hentry","category-sin-categoria"],"cc_featured_image_caption":{"caption_text":"Ariel Di Luch y Daniel Bima ganaron la categor\u00eda \"C\" en Alcorta.","source_text":"","source_url":""},"_links":{"self":[{"href":"https:\/\/todoapulmon-rafaela.com\/index.php\/wp-json\/wp\/v2\/posts\/7270"}],"collection":[{"href":"https:\/\/todoapulmon-rafaela.com\/index.php\/wp-json\/wp\/v2\/posts"}],"about":[{"href":"https:\/\/todoapulmon-rafaela.com\/index.php\/wp-json\/wp\/v2\/types\/post"}],"author":[{"embeddable":true,"href":"https:\/\/todoapulmon-rafaela.com\/index.php\/wp-json\/wp\/v2\/users\/2"}],"replies":[{"embeddable":true,"href":"https:\/\/todoapulmon-rafaela.com\/index.php\/wp-json\/wp\/v2\/comments?post=7270"}],"version-history":[{"count":1,"href":"https:\/\/todoapulmon-rafaela.com\/index.php\/wp-json\/wp\/v2\/posts\/7270\/revisions"}],"predecessor-version":[{"id":7272,"href":"https:\/\/todoapulmon-rafaela.com\/index.php\/wp-json\/wp\/v2\/posts\/7270\/revisions\/7272"}],"wp:featuredmedia":[{"embeddable":true,"href":"https:\/\/todoapulmon-rafaela.com\/index.php\/wp-json\/wp\/v2\/media\/7271"}],"wp:attachment":[{"href":"https:\/\/todoapulmon-rafaela.com\/index.php\/wp-json\/wp\/v2\/media?parent=7270"}],"wp:term":[{"taxonomy":"category","embeddable":true,"href":"https:\/\/todoapulmon-rafaela.com\/index.php\/wp-json\/wp\/v2\/categories?post=7270"},{"taxonomy":"post_tag","embeddable":true,"href":"https:\/\/todoapulmon-rafaela.com\/index.php\/wp-json\/wp\/v2\/tags?post=7270"}],"curies":[{"name":"wp","href":"https:\/\/api.w.org\/{rel}","templated":true}]}}