{"id":7224,"date":"2017-06-12T17:12:02","date_gmt":"2017-06-12T17:12:02","guid":{"rendered":"http:\/\/todoapulmon-rafaela.com\/?p=7224"},"modified":"2017-06-12T21:09:03","modified_gmt":"2017-06-12T21:09:03","slug":"presencias-rafaelinas-en-san-francisco","status":"publish","type":"post","link":"https:\/\/todoapulmon-rafaela.com\/index.php\/2017\/06\/12\/presencias-rafaelinas-en-san-francisco\/","title":{"rendered":"Presencias rafaelinas en San Francisco"},"content":{"rendered":"<p>El pasado s\u00e1bado 10 de junio se realiz\u00f3 una jornada atl\u00e9tica en San Francisco, con pruebas sobre 5 y 10 kil\u00f3metros. La competencia fue denominada por los organizadores \u00abMarat\u00f3n Ciudad de San Francisco\u00bb y cont\u00f3 con una buena cantidad de corredores de la regi\u00f3n, incluidos algunos de nuestro medio.<br \/>\nEl triunfo fue para Brian Burgos, de R\u00edo Cuarto, con un tiempo de 32m59s. En segundo lugar se ubic\u00f3 el sanvicentino Nicol\u00e1s Ternavasio con 33m13s y 8 veces ganador de la prueba.<br \/>\nEl mejor representante rafaelino fue Fernando Kuriger, quien fue 17\u00ba en la general y segundo en su categor\u00eda con un registro de 39m23s. Por su parte, Juan Amherdt fue 34\u00ba en la general masculina y quinto en su categor\u00eda. En tanto, Ramiro Visconti qued\u00f3 45\u00ba en la general de varones y 11\u00ba en su categor\u00eda. Finalmente, Ricardo Rosas gan\u00f3 la categor\u00eda de 60 a 64 a\u00f1os.<br \/>\nLa general femenina fue para Andrea Lazzarini, de Santa Fe con 42m24s, seguida por Patricia Ponce (Esperanza) y Ver\u00f3nica Ramirez (San Vicente).<br \/>\nEn 5 kil\u00f3metros el rafaelino Domingo Ponce fue cuarto con 19m45s. Se impuso Dar\u00edo Gonella (Las Varas) con 18m51s.<\/p>\n","protected":false},"excerpt":{"rendered":"<p>El pasado s\u00e1bado 10 de junio se realiz\u00f3 una jornada atl\u00e9tica en San Francisco, con pruebas sobre 5 y 10<\/p>\n","protected":false},"author":2,"featured_media":7225,"comment_status":"open","ping_status":"open","sticky":false,"template":"","format":"standard","meta":{"footnotes":""},"categories":[7],"tags":[],"class_list":["post-7224","post","type-post","status-publish","format-standard","has-post-thumbnail","hentry","category-atletismo"],"cc_featured_image_caption":{"caption_text":"Fernando Kuriger fue uno de los protagonistas (foto Diario Sports).","source_text":"","source_url":""},"_links":{"self":[{"href":"https:\/\/todoapulmon-rafaela.com\/index.php\/wp-json\/wp\/v2\/posts\/7224"}],"collection":[{"href":"https:\/\/todoapulmon-rafaela.com\/index.php\/wp-json\/wp\/v2\/posts"}],"about":[{"href":"https:\/\/todoapulmon-rafaela.com\/index.php\/wp-json\/wp\/v2\/types\/post"}],"author":[{"embeddable":true,"href":"https:\/\/todoapulmon-rafaela.com\/index.php\/wp-json\/wp\/v2\/users\/2"}],"replies":[{"embeddable":true,"href":"https:\/\/todoapulmon-rafaela.com\/index.php\/wp-json\/wp\/v2\/comments?post=7224"}],"version-history":[{"count":3,"href":"https:\/\/todoapulmon-rafaela.com\/index.php\/wp-json\/wp\/v2\/posts\/7224\/revisions"}],"predecessor-version":[{"id":7231,"href":"https:\/\/todoapulmon-rafaela.com\/index.php\/wp-json\/wp\/v2\/posts\/7224\/revisions\/7231"}],"wp:featuredmedia":[{"embeddable":true,"href":"https:\/\/todoapulmon-rafaela.com\/index.php\/wp-json\/wp\/v2\/media\/7225"}],"wp:attachment":[{"href":"https:\/\/todoapulmon-rafaela.com\/index.php\/wp-json\/wp\/v2\/media?parent=7224"}],"wp:term":[{"taxonomy":"category","embeddable":true,"href":"https:\/\/todoapulmon-rafaela.com\/index.php\/wp-json\/wp\/v2\/categories?post=7224"},{"taxonomy":"post_tag","embeddable":true,"href":"https:\/\/todoapulmon-rafaela.com\/index.php\/wp-json\/wp\/v2\/tags?post=7224"}],"curies":[{"name":"wp","href":"https:\/\/api.w.org\/{rel}","templated":true}]}}