{"id":717,"date":"2016-05-06T17:51:26","date_gmt":"2016-05-06T17:51:26","guid":{"rendered":"http:\/\/todoapulmon-rafaela.com\/?p=717"},"modified":"2016-05-06T17:51:26","modified_gmt":"2016-05-06T17:51:26","slug":"presentaron-ciclismo-en-los-barrios-2016","status":"publish","type":"post","link":"https:\/\/todoapulmon-rafaela.com\/index.php\/2016\/05\/06\/presentaron-ciclismo-en-los-barrios-2016\/","title":{"rendered":"Presentaron Ciclismo en los Barrios 2016"},"content":{"rendered":"<p>Con la presencia del Subsecretario de Deportes de la Municipalidad de Rafaela, Sebasti\u00e1n Ballina y el Senador Provincial Alcides Calvo se present\u00f3 hoy en el sal\u00f3n Verde del edificio municipal la vig\u00e9sima tercera edici\u00f3n del Programa Ciclismo en los Barrios, la que se llevar\u00e1 a cabo con un calendario de ocho competencias durante el a\u00f1o 2016. La primera de ellas ser\u00e1 este s\u00e1bado a las 15 en un circuito aleda\u00f1o a la plaza de barrio Italia.<br \/>\nTambi\u00e9n participaron del evento Raquel Trucco, de Casa Delma (sponsor), Hugo V\u00e1zquez y Daniel Capella, del club Ciclista, entidad fiscalizadora.<br \/>\nEl programa \u00abCiclismo en los barrios\u00bb, en su edici\u00f3n n\u00famero 23, es una propuesta que apuesta a la formaci\u00f3n de chicos con valores, que se eduquen en la sana competencia y permite que todos con su bicicleta participen de la pr\u00e1ctica de este deporte. El mismo ha sido sumamente exitoso, permitiendo el surgimiento de importantes valores a nivel local, encabezados por Mauro Agostini.<br \/>\n\u00abLa importancia del Programa radica en que apuesta a la formaci\u00f3n de chicos con valores que se eduquen en la sana competencia. Para nosotros eso es el deporte por lo cual desde la Subsecretar\u00eda trabajamos en este programa como espacio para fortalecer la actividad y reconocer el trabajo de tantos dirigentes\u00bb, expres\u00f3 Ballina.<br \/>\nUn dato importante es que este a\u00f1o se apunta a que se puedan desarrollar competencias en localidades cercanas a Rafaela, sobre lo cual hizo hincapi\u00e9 el Senador Calvo.<\/p>\n","protected":false},"excerpt":{"rendered":"<p>Con la presencia del Subsecretario de Deportes de la Municipalidad de Rafaela, Sebasti\u00e1n Ballina y el Senador Provincial Alcides Calvo<\/p>\n","protected":false},"author":2,"featured_media":718,"comment_status":"open","ping_status":"open","sticky":false,"template":"","format":"standard","meta":{"footnotes":""},"categories":[4],"tags":[],"class_list":["post-717","post","type-post","status-publish","format-standard","has-post-thumbnail","hentry","category-ciclismo"],"cc_featured_image_caption":{"caption_text":"Ciclismo en los barrios fue presentado en su 23\u00aa temporada.","source_text":"","source_url":""},"_links":{"self":[{"href":"https:\/\/todoapulmon-rafaela.com\/index.php\/wp-json\/wp\/v2\/posts\/717"}],"collection":[{"href":"https:\/\/todoapulmon-rafaela.com\/index.php\/wp-json\/wp\/v2\/posts"}],"about":[{"href":"https:\/\/todoapulmon-rafaela.com\/index.php\/wp-json\/wp\/v2\/types\/post"}],"author":[{"embeddable":true,"href":"https:\/\/todoapulmon-rafaela.com\/index.php\/wp-json\/wp\/v2\/users\/2"}],"replies":[{"embeddable":true,"href":"https:\/\/todoapulmon-rafaela.com\/index.php\/wp-json\/wp\/v2\/comments?post=717"}],"version-history":[{"count":1,"href":"https:\/\/todoapulmon-rafaela.com\/index.php\/wp-json\/wp\/v2\/posts\/717\/revisions"}],"predecessor-version":[{"id":719,"href":"https:\/\/todoapulmon-rafaela.com\/index.php\/wp-json\/wp\/v2\/posts\/717\/revisions\/719"}],"wp:featuredmedia":[{"embeddable":true,"href":"https:\/\/todoapulmon-rafaela.com\/index.php\/wp-json\/wp\/v2\/media\/718"}],"wp:attachment":[{"href":"https:\/\/todoapulmon-rafaela.com\/index.php\/wp-json\/wp\/v2\/media?parent=717"}],"wp:term":[{"taxonomy":"category","embeddable":true,"href":"https:\/\/todoapulmon-rafaela.com\/index.php\/wp-json\/wp\/v2\/categories?post=717"},{"taxonomy":"post_tag","embeddable":true,"href":"https:\/\/todoapulmon-rafaela.com\/index.php\/wp-json\/wp\/v2\/tags?post=717"}],"curies":[{"name":"wp","href":"https:\/\/api.w.org\/{rel}","templated":true}]}}