{"id":7024,"date":"2017-06-04T18:16:11","date_gmt":"2017-06-04T18:16:11","guid":{"rendered":"http:\/\/todoapulmon-rafaela.com\/?p=7024"},"modified":"2017-06-04T18:16:11","modified_gmt":"2017-06-04T18:16:11","slug":"accos-se-llevo-la-velocidad-por-equipos-2","status":"publish","type":"post","link":"https:\/\/todoapulmon-rafaela.com\/index.php\/2017\/06\/04\/accos-se-llevo-la-velocidad-por-equipos-2\/","title":{"rendered":"ACCOS se llev\u00f3 la velocidad por equipos"},"content":{"rendered":"<p>En la jornada de cierre del campeonato Argentino de Pista para menores y juveniles en Mar del Plata, la representaci\u00f3n de la Asociaci\u00f3n Ciclista Centro Oeste Santafesino consigui\u00f3 su tercera medalla dorada a trav\u00e9s de la prueba de velocidad por equipos.<\/p>\n<p>El team integrado por Yoel Vargas (2001), Alfredo Acastello (junior) y Alexis Dominguez (junior) consigui\u00f3 el triunfo, en una ma\u00f1ana donde fue el m\u00e1s r\u00e1pido en la clasificaci\u00f3n y luego en la final super\u00f3 a Mar y Sierras (Gonzalo Seoane, Lucas Vilar y Tom\u00e1s Loscalzo) con un tiempo de 50s411\/1000. Tercero fue el equipo de la sanjuanina (Washington Roberto, Angel Naveda y Santiago Sanchez).<\/p>\n<p>Culmin\u00f3 as\u00ed un brillante certamen para la delegaci\u00f3n con sede en el Club Ciclista de Rafaela, a cargo de Daniel y Norberto Capella, ya que con seis pedalistas consigui\u00f3 tres medallas de oro (Yoel Vargas previamente hab\u00eda ganado los 500 metros y velocidad 2001), una de plata (Santiago Lambert en vueltas puntables 2003) y una de bronce (Alexis Dominguez en kil\u00f3metro).<\/p>\n","protected":false},"excerpt":{"rendered":"<p>En la jornada de cierre del campeonato Argentino de Pista para menores y juveniles en Mar del Plata, la representaci\u00f3n<\/p>\n","protected":false},"author":2,"featured_media":7022,"comment_status":"open","ping_status":"open","sticky":false,"template":"","format":"standard","meta":{"footnotes":""},"categories":[4,24],"tags":[],"class_list":["post-7024","post","type-post","status-publish","format-standard","has-post-thumbnail","hentry","category-ciclismo","category-noticias-destacadas"],"cc_featured_image_caption":{"caption_text":"El equipo de pedalistas de nuestra ciudad en lo m\u00e1s alto del podio (foto Virginia Della Torre).","source_text":"","source_url":""},"_links":{"self":[{"href":"https:\/\/todoapulmon-rafaela.com\/index.php\/wp-json\/wp\/v2\/posts\/7024"}],"collection":[{"href":"https:\/\/todoapulmon-rafaela.com\/index.php\/wp-json\/wp\/v2\/posts"}],"about":[{"href":"https:\/\/todoapulmon-rafaela.com\/index.php\/wp-json\/wp\/v2\/types\/post"}],"author":[{"embeddable":true,"href":"https:\/\/todoapulmon-rafaela.com\/index.php\/wp-json\/wp\/v2\/users\/2"}],"replies":[{"embeddable":true,"href":"https:\/\/todoapulmon-rafaela.com\/index.php\/wp-json\/wp\/v2\/comments?post=7024"}],"version-history":[{"count":1,"href":"https:\/\/todoapulmon-rafaela.com\/index.php\/wp-json\/wp\/v2\/posts\/7024\/revisions"}],"predecessor-version":[{"id":7025,"href":"https:\/\/todoapulmon-rafaela.com\/index.php\/wp-json\/wp\/v2\/posts\/7024\/revisions\/7025"}],"wp:featuredmedia":[{"embeddable":true,"href":"https:\/\/todoapulmon-rafaela.com\/index.php\/wp-json\/wp\/v2\/media\/7022"}],"wp:attachment":[{"href":"https:\/\/todoapulmon-rafaela.com\/index.php\/wp-json\/wp\/v2\/media?parent=7024"}],"wp:term":[{"taxonomy":"category","embeddable":true,"href":"https:\/\/todoapulmon-rafaela.com\/index.php\/wp-json\/wp\/v2\/categories?post=7024"},{"taxonomy":"post_tag","embeddable":true,"href":"https:\/\/todoapulmon-rafaela.com\/index.php\/wp-json\/wp\/v2\/tags?post=7024"}],"curies":[{"name":"wp","href":"https:\/\/api.w.org\/{rel}","templated":true}]}}