{"id":6991,"date":"2017-06-03T16:49:25","date_gmt":"2017-06-03T16:49:25","guid":{"rendered":"http:\/\/todoapulmon-rafaela.com\/?p=6991"},"modified":"2017-06-03T16:49:25","modified_gmt":"2017-06-03T16:49:25","slug":"doblete-de-yoel-vargas-campeon-en-500-metros","status":"publish","type":"post","link":"https:\/\/todoapulmon-rafaela.com\/index.php\/2017\/06\/03\/doblete-de-yoel-vargas-campeon-en-500-metros\/","title":{"rendered":"Doblete de Yoel Vargas, campe\u00f3n en 500 metros"},"content":{"rendered":"<p>Yoel Vargas se volvi\u00f3 a coronar este s\u00e1bado por la ma\u00f1ana en el Campeonato Argentino de Pista para menores y juveniles. El representante del Club Ciclista de Rafaela y ACCOS se qued\u00f3 con la prueba de 500 metros con partida detenida de la categor\u00eda 2001, con un tiempo de 35s336\/1000, en un torneo inolvidable para quien es uno de los integrantes del proyecto Buenos Aires 2018.<\/p>\n<p>\u00abCoto\u00bb, que el viernes se hab\u00eda impuesto en la prueba de velocidad, baj\u00f3 en el \u00faltimo parcial el tiempo que ten\u00eda el marplatense Alan Celentano, que finalmente fue segundo con 35s.485. El tercer puesto qued\u00f3 para Fabricio Britos, de la Santafesina, con 35s997.<\/p>\n<div style=\"width: 640px;\" class=\"wp-video\"><!--[if lt IE 9]><script>document.createElement('video');<\/script><![endif]-->\n<video class=\"wp-video-shortcode\" id=\"video-6991-1\" width=\"640\" height=\"352\" preload=\"metadata\" controls=\"controls\"><source type=\"video\/mp4\" src=\"http:\/\/todoapulmon-rafaela.com\/wp-content\/uploads\/2017\/06\/VID-20170603-WA0001.mp4?_=1\" \/><a href=\"http:\/\/todoapulmon-rafaela.com\/wp-content\/uploads\/2017\/06\/VID-20170603-WA0001.mp4\">http:\/\/todoapulmon-rafaela.com\/wp-content\/uploads\/2017\/06\/VID-20170603-WA0001.mp4<\/a><\/video><\/div>\n<p>El rafaelino en gran parte de su recorrido (gentileza A. Della Torre).<\/p>\n","protected":false},"excerpt":{"rendered":"<p>Yoel Vargas se volvi\u00f3 a coronar este s\u00e1bado por la ma\u00f1ana en el Campeonato Argentino de Pista para menores y<\/p>\n","protected":false},"author":2,"featured_media":6992,"comment_status":"open","ping_status":"open","sticky":false,"template":"","format":"standard","meta":{"footnotes":""},"categories":[4,24],"tags":[],"class_list":["post-6991","post","type-post","status-publish","format-standard","has-post-thumbnail","hentry","category-ciclismo","category-noticias-destacadas"],"cc_featured_image_caption":{"caption_text":"Yoel a punto de partir para buscar el gran tiempo que lo dej\u00f3 como ganador. (Foto A. Della Torre).","source_text":"","source_url":""},"_links":{"self":[{"href":"https:\/\/todoapulmon-rafaela.com\/index.php\/wp-json\/wp\/v2\/posts\/6991"}],"collection":[{"href":"https:\/\/todoapulmon-rafaela.com\/index.php\/wp-json\/wp\/v2\/posts"}],"about":[{"href":"https:\/\/todoapulmon-rafaela.com\/index.php\/wp-json\/wp\/v2\/types\/post"}],"author":[{"embeddable":true,"href":"https:\/\/todoapulmon-rafaela.com\/index.php\/wp-json\/wp\/v2\/users\/2"}],"replies":[{"embeddable":true,"href":"https:\/\/todoapulmon-rafaela.com\/index.php\/wp-json\/wp\/v2\/comments?post=6991"}],"version-history":[{"count":1,"href":"https:\/\/todoapulmon-rafaela.com\/index.php\/wp-json\/wp\/v2\/posts\/6991\/revisions"}],"predecessor-version":[{"id":6994,"href":"https:\/\/todoapulmon-rafaela.com\/index.php\/wp-json\/wp\/v2\/posts\/6991\/revisions\/6994"}],"wp:featuredmedia":[{"embeddable":true,"href":"https:\/\/todoapulmon-rafaela.com\/index.php\/wp-json\/wp\/v2\/media\/6992"}],"wp:attachment":[{"href":"https:\/\/todoapulmon-rafaela.com\/index.php\/wp-json\/wp\/v2\/media?parent=6991"}],"wp:term":[{"taxonomy":"category","embeddable":true,"href":"https:\/\/todoapulmon-rafaela.com\/index.php\/wp-json\/wp\/v2\/categories?post=6991"},{"taxonomy":"post_tag","embeddable":true,"href":"https:\/\/todoapulmon-rafaela.com\/index.php\/wp-json\/wp\/v2\/tags?post=6991"}],"curies":[{"name":"wp","href":"https:\/\/api.w.org\/{rel}","templated":true}]}}