{"id":6907,"date":"2017-05-30T12:28:48","date_gmt":"2017-05-30T12:28:48","guid":{"rendered":"http:\/\/todoapulmon-rafaela.com\/?p=6907"},"modified":"2017-05-30T12:28:48","modified_gmt":"2017-05-30T12:28:48","slug":"sabrina-rosa-cuarta-en-la-copa-nacional-de-menores","status":"publish","type":"post","link":"https:\/\/todoapulmon-rafaela.com\/index.php\/2017\/05\/30\/sabrina-rosa-cuarta-en-la-copa-nacional-de-menores\/","title":{"rendered":"Sabrina Rosa, cuarta en la Copa Nacional de Menores"},"content":{"rendered":"<p>El fin de semana se disput\u00f3 en Mendoza la 26\u00aa edici\u00f3n de la Copa Nacional de Menores, uno de los tradicionales torneos para esta categor\u00eda (U18) y en la cual participaron atletas de nuestra ciudad.<\/p>\n<p>Si bien en esta oportunidad no hubo medallas, siempre queda el an\u00e1lisis de una valiosa experiencia para seguir capitalizando en el futuro. Quien pudo tener una importante satisfacci\u00f3n es Sabrina Rosa, representante del CEF 53, que obtuvo el cuarto puesto en salto triple y qued\u00f3 cerca del podio, con su mejor marca de 10m48. Tambi\u00e9n compiti\u00f3 en alto, siendo 12\u00aa con 1m35.<\/p>\n<p>En cuanto a los marchistas, tanto Camila Real como Juan Campos no tuvieron una buena prueba y sufrieron la descalificaci\u00f3n no pudiendo terminar la competencia.<\/p>\n<p>En cuanto a los atletas del CRAS, Valent\u00edn Perotti fue 13\u00ba en salto en alto con 1m70; Agust\u00edn Martinez 35\u00ba en salto en largo con 5m20; Valent\u00edn Menossi 14\u00ba en lanzamiento de martillo con 37m19 y no lanz\u00f3 en disco por una molestia f\u00edsica. Alexia Cabrera fue 10\u00aa en marcha 5.000 metros con 34m07s.<\/p>\n<p>Cabe mencionar que Menossi y Perotti son categor\u00eda U16.<\/p>\n<p>&nbsp;<\/p>\n<p>&nbsp;<\/p>\n<div class=\"text_exposed_show\"><\/div>\n","protected":false},"excerpt":{"rendered":"<p>El fin de semana se disput\u00f3 en Mendoza la 26\u00aa edici\u00f3n de la Copa Nacional de Menores, uno de los<\/p>\n","protected":false},"author":2,"featured_media":6908,"comment_status":"open","ping_status":"open","sticky":false,"template":"","format":"standard","meta":{"footnotes":""},"categories":[7],"tags":[],"class_list":["post-6907","post","type-post","status-publish","format-standard","has-post-thumbnail","hentry","category-atletismo"],"cc_featured_image_caption":{"caption_text":"Sabrina Rosa estuvo cerca del podio en Mendoza.","source_text":"","source_url":""},"_links":{"self":[{"href":"https:\/\/todoapulmon-rafaela.com\/index.php\/wp-json\/wp\/v2\/posts\/6907"}],"collection":[{"href":"https:\/\/todoapulmon-rafaela.com\/index.php\/wp-json\/wp\/v2\/posts"}],"about":[{"href":"https:\/\/todoapulmon-rafaela.com\/index.php\/wp-json\/wp\/v2\/types\/post"}],"author":[{"embeddable":true,"href":"https:\/\/todoapulmon-rafaela.com\/index.php\/wp-json\/wp\/v2\/users\/2"}],"replies":[{"embeddable":true,"href":"https:\/\/todoapulmon-rafaela.com\/index.php\/wp-json\/wp\/v2\/comments?post=6907"}],"version-history":[{"count":1,"href":"https:\/\/todoapulmon-rafaela.com\/index.php\/wp-json\/wp\/v2\/posts\/6907\/revisions"}],"predecessor-version":[{"id":6909,"href":"https:\/\/todoapulmon-rafaela.com\/index.php\/wp-json\/wp\/v2\/posts\/6907\/revisions\/6909"}],"wp:featuredmedia":[{"embeddable":true,"href":"https:\/\/todoapulmon-rafaela.com\/index.php\/wp-json\/wp\/v2\/media\/6908"}],"wp:attachment":[{"href":"https:\/\/todoapulmon-rafaela.com\/index.php\/wp-json\/wp\/v2\/media?parent=6907"}],"wp:term":[{"taxonomy":"category","embeddable":true,"href":"https:\/\/todoapulmon-rafaela.com\/index.php\/wp-json\/wp\/v2\/categories?post=6907"},{"taxonomy":"post_tag","embeddable":true,"href":"https:\/\/todoapulmon-rafaela.com\/index.php\/wp-json\/wp\/v2\/tags?post=6907"}],"curies":[{"name":"wp","href":"https:\/\/api.w.org\/{rel}","templated":true}]}}