{"id":68418,"date":"2026-09-05T12:34:58","date_gmt":"2026-09-05T12:34:58","guid":{"rendered":"https:\/\/todoapulmon-rafaela.com\/?p=68418"},"modified":"2026-09-05T12:40:01","modified_gmt":"2026-09-05T12:40:01","slug":"emilia-acosta-subcampeona-argentina-en-el-nacional-antes-de-los-juegos","status":"publish","type":"post","link":"https:\/\/todoapulmon-rafaela.com\/index.php\/2026\/09\/05\/emilia-acosta-subcampeona-argentina-en-el-nacional-antes-de-los-juegos\/","title":{"rendered":"Emilia Acosta, subcampeona argentina en el Nacional antes de los Juegos"},"content":{"rendered":"<p>Este viernes se realiz\u00f3 el Campeonato Nacional Federativo de Nivel A, la m\u00e1xima cita en el calendario nacional de la Confederaci\u00f3n Argentina de Gimnasia Art\u00edstica.<\/p>\n<p>En el CENARD, en Buenos Aires, la rafaelina Emilia Acosta logr\u00f3 obtener el subcampeonato con una destacada performance a pocos d\u00edas de los Juegos Suramericanos 2026.<\/p>\n<p>La deportista entrenada por V\u00edctor Ingaramo en CREAR Club, luego de una exigente preparaci\u00f3n tanto en nuestra ciudad como con el seleccionado nacional, competir\u00e1 en el Invencible Arena de Rosario del 13 al 16 de septiembre.<\/p>\n","protected":false},"excerpt":{"rendered":"<p>Este viernes se realiz\u00f3 el Campeonato Nacional Federativo de Nivel A, la m\u00e1xima cita en el calendario nacional de la<\/p>\n","protected":false},"author":2,"featured_media":68421,"comment_status":"closed","ping_status":"closed","sticky":false,"template":"","format":"standard","meta":{"footnotes":""},"categories":[24],"tags":[],"class_list":["post-68418","post","type-post","status-publish","format-standard","has-post-thumbnail","hentry","category-noticias-destacadas"],"cc_featured_image_caption":{"caption_text":"Emilia Acosta y V\u00edctor Ingaramo.","source_text":"","source_url":""},"_links":{"self":[{"href":"https:\/\/todoapulmon-rafaela.com\/index.php\/wp-json\/wp\/v2\/posts\/68418"}],"collection":[{"href":"https:\/\/todoapulmon-rafaela.com\/index.php\/wp-json\/wp\/v2\/posts"}],"about":[{"href":"https:\/\/todoapulmon-rafaela.com\/index.php\/wp-json\/wp\/v2\/types\/post"}],"author":[{"embeddable":true,"href":"https:\/\/todoapulmon-rafaela.com\/index.php\/wp-json\/wp\/v2\/users\/2"}],"replies":[{"embeddable":true,"href":"https:\/\/todoapulmon-rafaela.com\/index.php\/wp-json\/wp\/v2\/comments?post=68418"}],"version-history":[{"count":1,"href":"https:\/\/todoapulmon-rafaela.com\/index.php\/wp-json\/wp\/v2\/posts\/68418\/revisions"}],"predecessor-version":[{"id":68420,"href":"https:\/\/todoapulmon-rafaela.com\/index.php\/wp-json\/wp\/v2\/posts\/68418\/revisions\/68420"}],"wp:featuredmedia":[{"embeddable":true,"href":"https:\/\/todoapulmon-rafaela.com\/index.php\/wp-json\/wp\/v2\/media\/68421"}],"wp:attachment":[{"href":"https:\/\/todoapulmon-rafaela.com\/index.php\/wp-json\/wp\/v2\/media?parent=68418"}],"wp:term":[{"taxonomy":"category","embeddable":true,"href":"https:\/\/todoapulmon-rafaela.com\/index.php\/wp-json\/wp\/v2\/categories?post=68418"},{"taxonomy":"post_tag","embeddable":true,"href":"https:\/\/todoapulmon-rafaela.com\/index.php\/wp-json\/wp\/v2\/tags?post=68418"}],"curies":[{"name":"wp","href":"https:\/\/api.w.org\/{rel}","templated":true}]}}