{"id":68410,"date":"2026-09-04T20:29:55","date_gmt":"2026-09-04T20:29:55","guid":{"rendered":"https:\/\/todoapulmon-rafaela.com\/?p=68410"},"modified":"2026-09-04T20:29:55","modified_gmt":"2026-09-04T20:29:55","slug":"rezola-y-cairo-portaran-la-bandera-argentina-en-la-apertura-de-los-juegos-suramericanos","status":"publish","type":"post","link":"https:\/\/todoapulmon-rafaela.com\/index.php\/2026\/09\/04\/rezola-y-cairo-portaran-la-bandera-argentina-en-la-apertura-de-los-juegos-suramericanos\/","title":{"rendered":"R\u00e9zola y Cair\u00f3 portar\u00e1n la bandera argentina en la apertura de los Juegos Suramericanos"},"content":{"rendered":"<p>El Comit\u00e9 Ol\u00edmpico Argentino (COA) oficializ\u00f3 la designaci\u00f3n de los atletas ol\u00edmpicos\u00a0<strong>Rub\u00e9n R\u00e9zola<\/strong>, representante del canotaje, y\u00a0<strong>Sof\u00eda Cair\u00f3<\/strong>, integrante de Las Leonas, quienes portar\u00e1n la bandera nacional en la ceremonia de apertura de los XIII Juegos Suramericanos Santa Fe 2026.<\/p>\n<p>La elecci\u00f3n de los abanderados para Santa Fe 2026 surgi\u00f3 de un proceso institucional iniciado con las postulaciones elevadas por las federaciones deportivas nacionales. Luego, la Comisi\u00f3n de Atletas del COA analiz\u00f3 los antecedentes, los m\u00e9ritos deportivos, la representatividad y la trayectoria de las candidaturas presentadas, y elev\u00f3 su propuesta a la Mesa Directiva del Comit\u00e9 Ol\u00edmpico Argentino, que aprob\u00f3 la designaci\u00f3n. De esta manera, la definici\u00f3n respondi\u00f3 a un criterio participativo y federal, orientado a reconocer a atletas con recorrido ol\u00edmpico, compromiso con sus disciplinas y capacidad de representar los valores del deporte argentino.<\/p>\n<p>En representaci\u00f3n masculina, el elegido ser\u00e1\u00a0<strong>Rub\u00e9n Oscar R\u00e9zola Voisard<\/strong>, referente del canotaje de velocidad. Nacido en Santa Fe, particip\u00f3 en tres Juegos Ol\u00edmpicos \u2014Londres 2012, R\u00edo 2016 y Tokio 2020\u2014 y obtuvo el diploma ol\u00edmpico tras finalizar quinto en K2 200 metros en Londres 2012, junto a Miguel Correa. Adem\u00e1s, cuenta con tres medallas en Juegos Panamericanos: plata en Guadalajara 2011, oro en Toronto 2015 y bronce en Lima 2019. Su condici\u00f3n de santafesino le otorga un valor especial a esta designaci\u00f3n, en una edici\u00f3n que tendr\u00e1 a su provincia como organizadora de la cita suramericana.<\/p>\n<p>La abanderada femenina ser\u00e1\u00a0<strong>Sof\u00eda Cair\u00f3<\/strong>, jugadora de la selecci\u00f3n femenina de hockey sobre c\u00e9sped, Las Leonas. A los 23 a\u00f1os, se consolid\u00f3 como una de las protagonistas del seleccionado nacional. Formada en el Club y Biblioteca Mariano Moreno, instituci\u00f3n del ascenso metropolitano, se convirti\u00f3 en la primera representante de su club en integrar la Selecci\u00f3n Mayor.<\/p>\n<p>Fue medallista de bronce en los Juegos Ol\u00edmpicos Par\u00eds 2024, donde convirti\u00f3 en la definici\u00f3n por penales ante B\u00e9lgica, y en 2026 volvi\u00f3 a ser decisiva en la consagraci\u00f3n mundial de Las Leonas.<\/p>\n","protected":false},"excerpt":{"rendered":"<p>El Comit\u00e9 Ol\u00edmpico Argentino (COA) oficializ\u00f3 la designaci\u00f3n de los atletas ol\u00edmpicos\u00a0Rub\u00e9n R\u00e9zola, representante del canotaje, y\u00a0Sof\u00eda Cair\u00f3, integrante de<\/p>\n","protected":false},"author":2,"featured_media":68411,"comment_status":"closed","ping_status":"closed","sticky":false,"template":"","format":"standard","meta":{"footnotes":""},"categories":[24],"tags":[],"class_list":["post-68410","post","type-post","status-publish","format-standard","has-post-thumbnail","hentry","category-noticias-destacadas"],"cc_featured_image_caption":{"caption_text":"Foto Comit\u00e9 Ol\u00edmpico Argentino ","source_text":"","source_url":""},"_links":{"self":[{"href":"https:\/\/todoapulmon-rafaela.com\/index.php\/wp-json\/wp\/v2\/posts\/68410"}],"collection":[{"href":"https:\/\/todoapulmon-rafaela.com\/index.php\/wp-json\/wp\/v2\/posts"}],"about":[{"href":"https:\/\/todoapulmon-rafaela.com\/index.php\/wp-json\/wp\/v2\/types\/post"}],"author":[{"embeddable":true,"href":"https:\/\/todoapulmon-rafaela.com\/index.php\/wp-json\/wp\/v2\/users\/2"}],"replies":[{"embeddable":true,"href":"https:\/\/todoapulmon-rafaela.com\/index.php\/wp-json\/wp\/v2\/comments?post=68410"}],"version-history":[{"count":1,"href":"https:\/\/todoapulmon-rafaela.com\/index.php\/wp-json\/wp\/v2\/posts\/68410\/revisions"}],"predecessor-version":[{"id":68412,"href":"https:\/\/todoapulmon-rafaela.com\/index.php\/wp-json\/wp\/v2\/posts\/68410\/revisions\/68412"}],"wp:featuredmedia":[{"embeddable":true,"href":"https:\/\/todoapulmon-rafaela.com\/index.php\/wp-json\/wp\/v2\/media\/68411"}],"wp:attachment":[{"href":"https:\/\/todoapulmon-rafaela.com\/index.php\/wp-json\/wp\/v2\/media?parent=68410"}],"wp:term":[{"taxonomy":"category","embeddable":true,"href":"https:\/\/todoapulmon-rafaela.com\/index.php\/wp-json\/wp\/v2\/categories?post=68410"},{"taxonomy":"post_tag","embeddable":true,"href":"https:\/\/todoapulmon-rafaela.com\/index.php\/wp-json\/wp\/v2\/tags?post=68410"}],"curies":[{"name":"wp","href":"https:\/\/api.w.org\/{rel}","templated":true}]}}