{"id":68401,"date":"2026-09-04T14:47:18","date_gmt":"2026-09-04T14:47:18","guid":{"rendered":"https:\/\/todoapulmon-rafaela.com\/?p=68401"},"modified":"2026-09-04T14:47:18","modified_gmt":"2026-09-04T14:47:18","slug":"siete-leonas-campeonas-del-mundo-estaran-en-los-juegos-suramericanos","status":"publish","type":"post","link":"https:\/\/todoapulmon-rafaela.com\/index.php\/2026\/09\/04\/siete-leonas-campeonas-del-mundo-estaran-en-los-juegos-suramericanos\/","title":{"rendered":"Siete Leonas campeonas del mundo estar\u00e1n en los Juegos Suramericanos"},"content":{"rendered":"<p><strong>Con el impulso fresco de la estrella conseguida en el Mundial 2026, Las Leonas <\/strong>tienen marcado su mapa de ruta para los<strong>\u00a0XIII Juegos Suramericanos<\/strong>\u00a0(ODESUR),\u00a0<strong>que se desarrollar\u00e1n del 12 al 26 de septiembre<\/strong>. El Estadio de la Asociaci\u00f3n Santafesina de Hockey ser\u00e1 el epicentro absoluto de la disciplina, donde las campeonas del mundo, (en esta oportunidad dirigidas por Juan Mart\u00edn L\u00f3pez) jugar\u00e1n como locales en un torneo que reunir\u00e1 a cinco potencias de la regi\u00f3n:<strong>\u00a0Argentina, Chile, Paraguay, Per\u00fa y Uruguay.<\/strong><\/p>\n<p>Del plantel que desat\u00f3 el gran festejo tras la final ante Pa\u00edses Bajos, siete jugadoras estar\u00e1n en los Juegos Suramericanos: Mercedes\u00a0<b>Artola<\/b>, Emma<b>\u00a0Knobl<\/b>, Milagros\u00a0<b>Alastra<\/b>, Sof\u00eda\u00a0<b>Cair\u00f3<\/b>, Lara\u00a0<b>Casas<\/b>, Zoe\u00a0<b>D\u00edaz<\/b>\u00a0y Brisa\u00a0<b>Bruggesser.<\/b><\/p>\n<p>Uno de los apellidos m\u00e1s resonantes de la n\u00f3mina es el de Cair\u00f3 quien, el pasado 29 de agosto, <b>se hizo cargo del \u00faltimo remate en los penales australianos, marc\u00f3 pr\u00e1cticamente sin dificultades<\/b>\u00a0y consigui\u00f3 el 3-1 final para conquistar la tercera Copa del Mundo.<\/p>\n<p>Al mismo tiempo, Bruggeser -anot\u00f3 el 2-0 parcial- y D\u00edaz -quien hab\u00eda convertido su ejecuci\u00f3n, aunque la misma fue anulada por rev\u00e9s de palo-\u00a0<b>tambi\u00e9n participaron de la tanda<\/b>. As\u00ed, despu\u00e9s del exigente torneo que han disputado, tendr\u00e1n una nueva oportunidad para calzarse la camiseta albiceleste,<b>\u00a0a la espera de la presentaci\u00f3n oficial ante Paraguay, a disputarse el lunes 14 de septiembre desde las 10.<\/b><\/p>\n<p><strong>EL FIXTURE<\/strong><\/p>\n<ul>\n<li>Lunes 14 de septiembre 10:00 hs:\u00a0<strong>Argentina<\/strong>\u00a0vs. Paraguay<\/li>\n<li>Martes 15 de septiembre 14:00 hs: Uruguay vs.\u00a0<strong>Argentina<\/strong><\/li>\n<li>Viernes 18 de septiembre 12:00 hs:\u00a0<strong>Argentina\u00a0<\/strong>vs. Chile<\/li>\n<li>Domingo 20 de septiembre 14:00 hs:\u00a0<strong>Argentina\u00a0<\/strong>vs. Per\u00fa.<\/li>\n<li><strong>TODO EL PLANTEL<\/strong><\/li>\n<li>\n<ul>\n<li>Sof\u00eda Cair\u00f3<\/li>\n<li>Lara Casas<\/li>\n<li>Sol Pagella<\/li>\n<li>Daiana Pacheco<\/li>\n<li>Zoe D\u00edaz<\/li>\n<li>Pilar Palacio<\/li>\n<li>Chiara Ambrosini<\/li>\n<li>Mercedes Artola<\/li>\n<li>Victoria Falasco<\/li>\n<li>Emma Knobl<\/li>\n<li>Catalina Andrade<\/li>\n<li>Lourdes Pisthon<\/li>\n<li>Sol Guignet<\/li>\n<li>Pilar Pisthon<\/li>\n<li>Brisa Bruggeser<\/li>\n<li>Milagros Alastra<\/li>\n<li>Paula Santamarina*<\/li>\n<li>Ana Dodorico*<\/li>\n<\/ul>\n<p>(*) Paula Santamarina y Ana Dodorico viajan en condici\u00f3n de reservas.<\/li>\n<\/ul>\n","protected":false},"excerpt":{"rendered":"<p>Con el impulso fresco de la estrella conseguida en el Mundial 2026, Las Leonas tienen marcado su mapa de ruta<\/p>\n","protected":false},"author":2,"featured_media":68402,"comment_status":"closed","ping_status":"closed","sticky":false,"template":"","format":"standard","meta":{"footnotes":""},"categories":[3,24],"tags":[],"class_list":["post-68401","post","type-post","status-publish","format-standard","has-post-thumbnail","hentry","category-hockey","category-noticias-destacadas"],"cc_featured_image_caption":{"caption_text":"Sof\u00eda Cair\u00f3, referente del plantel.","source_text":"","source_url":""},"_links":{"self":[{"href":"https:\/\/todoapulmon-rafaela.com\/index.php\/wp-json\/wp\/v2\/posts\/68401"}],"collection":[{"href":"https:\/\/todoapulmon-rafaela.com\/index.php\/wp-json\/wp\/v2\/posts"}],"about":[{"href":"https:\/\/todoapulmon-rafaela.com\/index.php\/wp-json\/wp\/v2\/types\/post"}],"author":[{"embeddable":true,"href":"https:\/\/todoapulmon-rafaela.com\/index.php\/wp-json\/wp\/v2\/users\/2"}],"replies":[{"embeddable":true,"href":"https:\/\/todoapulmon-rafaela.com\/index.php\/wp-json\/wp\/v2\/comments?post=68401"}],"version-history":[{"count":1,"href":"https:\/\/todoapulmon-rafaela.com\/index.php\/wp-json\/wp\/v2\/posts\/68401\/revisions"}],"predecessor-version":[{"id":68403,"href":"https:\/\/todoapulmon-rafaela.com\/index.php\/wp-json\/wp\/v2\/posts\/68401\/revisions\/68403"}],"wp:featuredmedia":[{"embeddable":true,"href":"https:\/\/todoapulmon-rafaela.com\/index.php\/wp-json\/wp\/v2\/media\/68402"}],"wp:attachment":[{"href":"https:\/\/todoapulmon-rafaela.com\/index.php\/wp-json\/wp\/v2\/media?parent=68401"}],"wp:term":[{"taxonomy":"category","embeddable":true,"href":"https:\/\/todoapulmon-rafaela.com\/index.php\/wp-json\/wp\/v2\/categories?post=68401"},{"taxonomy":"post_tag","embeddable":true,"href":"https:\/\/todoapulmon-rafaela.com\/index.php\/wp-json\/wp\/v2\/tags?post=68401"}],"curies":[{"name":"wp","href":"https:\/\/api.w.org\/{rel}","templated":true}]}}