{"id":68395,"date":"2026-09-03T23:29:00","date_gmt":"2026-09-03T23:29:00","guid":{"rendered":"https:\/\/todoapulmon-rafaela.com\/?p=68395"},"modified":"2026-09-03T23:33:29","modified_gmt":"2026-09-03T23:33:29","slug":"vivas-entre-los-convocados-para-la-revancha-con-australia","status":"publish","type":"post","link":"https:\/\/todoapulmon-rafaela.com\/index.php\/2026\/09\/03\/vivas-entre-los-convocados-para-la-revancha-con-australia\/","title":{"rendered":"Vivas entre los convocados para la revancha con Australia"},"content":{"rendered":"<p>Tras la ca\u00edda el pasado s\u00e1bado en Jujuy, Los Pumas se preparan para la revancha ante Australia en Mendoza, lo que adem\u00e1s significar\u00e1 la \u00faltima presentaci\u00f3n del a\u00f1o para el seleccionado nacional en nuestro pa\u00eds. El encuentro se jugar\u00e1 el s\u00e1bado 5 de septiembre, desde las 18:00 horas, en el Estadio Malvinas Argentinas.<\/p>\n<p>Felipe Contepomi realiz\u00f3 cuatro cambios en el XV inicial: ingresan Pedro Delgado, Efra\u00edn El\u00edas, Franco Molina y Nicol\u00e1s Roger, y salieron Francisco Moreno, Tom\u00e1s Lavanini, Benjam\u00edn Grondona y Ger\u00f3nimo Prisciantelli (Guido Petti pas\u00f3 a la tercera l\u00ednea y Santiago Carreras de fullback). Por el lado de los finishers estar\u00e1 volviendo el rafaelino Mayco Vivas.<\/p>\n<p class=\"wp-block-paragraph\">A continuaci\u00f3n, la formaci\u00f3n de Los Pumas para la revancha ante Australia en Mendoza:<\/p>\n<p class=\"wp-block-paragraph\">1.\u00a0<strong>WENGER<\/strong>, Boris (10 caps)<\/p>\n<p class=\"wp-block-paragraph\">2.\u00a0<strong>RUIZ<\/strong>, Ignacio (32 caps)<\/p>\n<p class=\"wp-block-paragraph\">3.\u00a0<strong>DELGADO<\/strong>, Pedro (11 caps)<\/p>\n<p class=\"wp-block-paragraph\">4.\u00a0<strong>EL\u00cdAS<\/strong>, Efra\u00edn (5 caps)<\/p>\n<p class=\"wp-block-paragraph\">5.\u00a0<strong>MOLINA<\/strong>, Franco (21 caps)<\/p>\n<p class=\"wp-block-paragraph\">6.\u00a0<strong>MATERA<\/strong>, Pablo (126 caps) Capit\u00e1n<\/p>\n<p class=\"wp-block-paragraph\">7.\u00a0<strong>PETTI<\/strong>, Guido (103 caps) Vicecapit\u00e1n<\/p>\n<p class=\"wp-block-paragraph\">8.\u00a0<strong>MORO<\/strong>, Joaqu\u00edn (7 caps)<\/p>\n<p class=\"wp-block-paragraph\">9.\u00a0<strong>BEN\u00cdTEZ<\/strong>\u00a0<strong>CRUZ<\/strong>, Sim\u00f3n (14 caps)<\/p>\n<p class=\"wp-block-paragraph\">10.\u00a0<strong>ROGER<\/strong>, Nicol\u00e1s (4 caps)<\/p>\n<p class=\"wp-block-paragraph\">11.\u00a0<strong>MENDY<\/strong>, Ignacio (7 caps)<\/p>\n<p class=\"wp-block-paragraph\">12.\u00a0<strong>S\u00c1NCHEZ<\/strong>\u00a0<strong>VALAROLO<\/strong>, Faustino (4 caps)<\/p>\n<p class=\"wp-block-paragraph\">13.\u00a0<strong>CINTI<\/strong>, Lucio (44 caps)<\/p>\n<p class=\"wp-block-paragraph\">14.\u00a0<strong>ISGR\u00d3<\/strong>, Rodrigo (19 caps)<\/p>\n<p class=\"wp-block-paragraph\">15.\u00a0<strong>CARRERAS<\/strong>, Santiago (69 caps) Vicecapit\u00e1n<\/p>\n<p class=\"wp-block-paragraph\"><strong>Finishers<\/strong><\/p>\n<p class=\"wp-block-paragraph\">16.\u00a0<strong>OVIEDO<\/strong>, Leonel (2 caps)<\/p>\n<p class=\"wp-block-paragraph\">17.\u00a0<strong>VIVAS<\/strong>, Mayco (43 caps)<\/p>\n<p class=\"wp-block-paragraph\">18.\u00a0<strong>MORENO<\/strong>, Francisco (2 caps)<\/p>\n<p class=\"wp-block-paragraph\">19.\u00a0<strong>LAVANINI<\/strong>, Tom\u00e1s (93 caps)<\/p>\n<p class=\"wp-block-paragraph\">20.\u00a0<strong>SCELZO<\/strong>, Juan Mart\u00edn (1 cap)<\/p>\n<p class=\"wp-block-paragraph\">21.\u00a0<strong>CARDOZO<\/strong>, Facundo (sin caps) *<\/p>\n<p class=\"wp-block-paragraph\">22.\u00a0<strong>BERTRANOU<\/strong>, Gonzalo\u00a0(68 caps)<\/p>\n<p class=\"wp-block-paragraph\">23.\u00a0<strong>SOLER<\/strong>, Mateo (sin caps) *<\/p>\n<p class=\"wp-block-paragraph\"><em>* Posible debut.<\/em><\/p>\n","protected":false},"excerpt":{"rendered":"<p>Tras la ca\u00edda el pasado s\u00e1bado en Jujuy, Los Pumas se preparan para la revancha ante Australia en Mendoza, lo<\/p>\n","protected":false},"author":2,"featured_media":68398,"comment_status":"closed","ping_status":"closed","sticky":false,"template":"","format":"standard","meta":{"footnotes":""},"categories":[24,2],"tags":[],"class_list":["post-68395","post","type-post","status-publish","format-standard","has-post-thumbnail","hentry","category-noticias-destacadas","category-rugby"],"cc_featured_image_caption":{"caption_text":"FOTO LOS PUMAS","source_text":"","source_url":""},"_links":{"self":[{"href":"https:\/\/todoapulmon-rafaela.com\/index.php\/wp-json\/wp\/v2\/posts\/68395"}],"collection":[{"href":"https:\/\/todoapulmon-rafaela.com\/index.php\/wp-json\/wp\/v2\/posts"}],"about":[{"href":"https:\/\/todoapulmon-rafaela.com\/index.php\/wp-json\/wp\/v2\/types\/post"}],"author":[{"embeddable":true,"href":"https:\/\/todoapulmon-rafaela.com\/index.php\/wp-json\/wp\/v2\/users\/2"}],"replies":[{"embeddable":true,"href":"https:\/\/todoapulmon-rafaela.com\/index.php\/wp-json\/wp\/v2\/comments?post=68395"}],"version-history":[{"count":1,"href":"https:\/\/todoapulmon-rafaela.com\/index.php\/wp-json\/wp\/v2\/posts\/68395\/revisions"}],"predecessor-version":[{"id":68397,"href":"https:\/\/todoapulmon-rafaela.com\/index.php\/wp-json\/wp\/v2\/posts\/68395\/revisions\/68397"}],"wp:featuredmedia":[{"embeddable":true,"href":"https:\/\/todoapulmon-rafaela.com\/index.php\/wp-json\/wp\/v2\/media\/68398"}],"wp:attachment":[{"href":"https:\/\/todoapulmon-rafaela.com\/index.php\/wp-json\/wp\/v2\/media?parent=68395"}],"wp:term":[{"taxonomy":"category","embeddable":true,"href":"https:\/\/todoapulmon-rafaela.com\/index.php\/wp-json\/wp\/v2\/categories?post=68395"},{"taxonomy":"post_tag","embeddable":true,"href":"https:\/\/todoapulmon-rafaela.com\/index.php\/wp-json\/wp\/v2\/tags?post=68395"}],"curies":[{"name":"wp","href":"https:\/\/api.w.org\/{rel}","templated":true}]}}