{"id":68387,"date":"2026-09-03T22:05:46","date_gmt":"2026-09-03T22:05:46","guid":{"rendered":"https:\/\/todoapulmon-rafaela.com\/?p=68387"},"modified":"2026-09-03T22:05:46","modified_gmt":"2026-09-03T22:05:46","slug":"atletas-rafaelinos-al-nacional-u18-en-venado-tuerto","status":"publish","type":"post","link":"https:\/\/todoapulmon-rafaela.com\/index.php\/2026\/09\/03\/atletas-rafaelinos-al-nacional-u18-en-venado-tuerto\/","title":{"rendered":"Atletas rafaelinos al Nacional U18 en Venado Tuerto"},"content":{"rendered":"<p><strong>El Campeonato Nacional u18<\/strong> se disputar\u00e1 el fin de semana (s\u00e1bado 5 y domingo 6 de septiembre) en la pista sint\u00e9tica Yolanda Canton, en Venado Tuerto, con m\u00e1s de 450 inscriptos de 23 provincias.<\/p>\n<p>Del certamen tomar\u00e1n parte atletas de nuestra ciudad integrando el equipo de la Federaci\u00f3n Santafesina. Por el lado de la Academia AEFC Runnea lo har\u00e1n los marchistas Francisco Fregona y Milagros Kuriger.<\/p>\n<p>En tanto, del Club CRAS lo har\u00e1n las saltadoras en alto Delfina Cordero e Isabella Grosso, los velocistas Juli\u00e1n Calvimonte y Josefina Guti\u00e9rrez; y la lanzadora de martillo Juana Meyer.<\/p>\n<p>El certamen ser\u00e1 evaluativo para el Sudamericano U18, que no se realizar\u00e1 en Brasil como estaba previsto y de acuerdo a lo mencionado por la CADA, existen chances que se haga en Santa Fe los d\u00edas 30 y 31 de octubre, y 1 de noviembre.<\/p>\n","protected":false},"excerpt":{"rendered":"<p>El Campeonato Nacional u18 se disputar\u00e1 el fin de semana (s\u00e1bado 5 y domingo 6 de septiembre) en la pista<\/p>\n","protected":false},"author":2,"featured_media":68388,"comment_status":"closed","ping_status":"closed","sticky":false,"template":"","format":"standard","meta":{"footnotes":""},"categories":[7,24],"tags":[],"class_list":["post-68387","post","type-post","status-publish","format-standard","has-post-thumbnail","hentry","category-atletismo","category-noticias-destacadas"],"cc_featured_image_caption":{"caption_text":"","source_text":"","source_url":""},"_links":{"self":[{"href":"https:\/\/todoapulmon-rafaela.com\/index.php\/wp-json\/wp\/v2\/posts\/68387"}],"collection":[{"href":"https:\/\/todoapulmon-rafaela.com\/index.php\/wp-json\/wp\/v2\/posts"}],"about":[{"href":"https:\/\/todoapulmon-rafaela.com\/index.php\/wp-json\/wp\/v2\/types\/post"}],"author":[{"embeddable":true,"href":"https:\/\/todoapulmon-rafaela.com\/index.php\/wp-json\/wp\/v2\/users\/2"}],"replies":[{"embeddable":true,"href":"https:\/\/todoapulmon-rafaela.com\/index.php\/wp-json\/wp\/v2\/comments?post=68387"}],"version-history":[{"count":2,"href":"https:\/\/todoapulmon-rafaela.com\/index.php\/wp-json\/wp\/v2\/posts\/68387\/revisions"}],"predecessor-version":[{"id":68394,"href":"https:\/\/todoapulmon-rafaela.com\/index.php\/wp-json\/wp\/v2\/posts\/68387\/revisions\/68394"}],"wp:featuredmedia":[{"embeddable":true,"href":"https:\/\/todoapulmon-rafaela.com\/index.php\/wp-json\/wp\/v2\/media\/68388"}],"wp:attachment":[{"href":"https:\/\/todoapulmon-rafaela.com\/index.php\/wp-json\/wp\/v2\/media?parent=68387"}],"wp:term":[{"taxonomy":"category","embeddable":true,"href":"https:\/\/todoapulmon-rafaela.com\/index.php\/wp-json\/wp\/v2\/categories?post=68387"},{"taxonomy":"post_tag","embeddable":true,"href":"https:\/\/todoapulmon-rafaela.com\/index.php\/wp-json\/wp\/v2\/tags?post=68387"}],"curies":[{"name":"wp","href":"https:\/\/api.w.org\/{rel}","templated":true}]}}