{"id":68373,"date":"2026-09-02T22:34:23","date_gmt":"2026-09-02T22:34:23","guid":{"rendered":"https:\/\/todoapulmon-rafaela.com\/?p=68373"},"modified":"2026-09-02T22:41:25","modified_gmt":"2026-09-02T22:41:25","slug":"presentacion-conjunta-de-los-planteles-de-boca-con-la-novedad-del-femenino-que-integra-candela-gentinetta","status":"publish","type":"post","link":"https:\/\/todoapulmon-rafaela.com\/index.php\/2026\/09\/02\/presentacion-conjunta-de-los-planteles-de-boca-con-la-novedad-del-femenino-que-integra-candela-gentinetta\/","title":{"rendered":"Presentaci\u00f3n conjunta de los planteles de Boca, con la novedad del femenino que integra Candela Gentinetta"},"content":{"rendered":"<p>Boca Juniors vivi\u00f3 una noche especial en La Bombonerita, donde ayer present\u00f3 oficialmente a sus planteles masculino y femenino de b\u00e1squet. Equipos, estos, con los que afrontar\u00e1 la venidera temporada y con la novedad del estreno de las chicas que cuentan a la rafaelina Candela Gentinetta como uno de sus fichajes m\u00e1s importantes.<\/p>\n<p>Con un importante marco de p\u00fablico, los jugadores, jugadoras, entrenadores y cuerpos t\u00e9cnicos fueron presentados uno por uno ante los hinchas, en una jornada que tambi\u00e9n sirvi\u00f3 para mostrar la indumentaria oficial que utilizar\u00e1n ambos equipos durante la temporada 2026\/27.<\/p>\n<p>El plantel masculino, conducido por Nicol\u00e1s Casal\u00e1nguida, tiene por delante uno de los grandes desaf\u00edos internacionales del a\u00f1o, ya que Boca Juniors disputar\u00e1 la Copa Intercontinental 2026 en China. Antes de viajar a Asia, realizar\u00e1 una gira de preparaci\u00f3n por Europa con cuatro partidos amistosos. A estos se sumar\u00e1n un par m\u00e1s cuando el elenco porte\u00f1o ya se encuentre en territorio asi\u00e1tico.<\/p>\n<p><img loading=\"lazy\" decoding=\"async\" class=\"alignnone size-full wp-image-68377\" src=\"https:\/\/todoapulmon-rafaela.com\/wp-content\/uploads\/2026\/09\/Screenshot_20260902-193918_Instagram.jpg\" alt=\"\" width=\"720\" height=\"881\" srcset=\"https:\/\/todoapulmon-rafaela.com\/wp-content\/uploads\/2026\/09\/Screenshot_20260902-193918_Instagram.jpg 720w, https:\/\/todoapulmon-rafaela.com\/wp-content\/uploads\/2026\/09\/Screenshot_20260902-193918_Instagram-245x300.jpg 245w\" sizes=\"(max-width: 720px) 100vw, 720px\" \/><\/p>\n<p>La otra gran novedad de la noche fue la presentaci\u00f3n del equipo femenino, que competir\u00e1 por primera vez en la Liga Nacional de nuestro pa\u00eds.<\/p>\n<p>El conjunto que ser\u00e1 dirigido por el campe\u00f3n ol\u00edmpico Gabriel Fern\u00e1ndez comenz\u00f3 este lunes la pretemporada. La de las chicas representa una nueva apuesta de la instituci\u00f3n por ampliar su estructura dentro de la disciplina.<\/p>\n<p>Durante el acto, Alejandro De Simone, m\u00e1ximo dirigente del b\u00e1squetbol profesional del club, destac\u00f3 el respaldo de Boca Juniors hacia ambos proyectos y manifest\u00f3 la expectativa de poder afrontar una gran temporada.<\/p>\n<p>Tambi\u00e9n remarc\u00f3 especialmente la incorporaci\u00f3n del b\u00e1squetbol femenino, una iniciativa que hab\u00eda sido pedida por el p\u00fablico y los socios, y muy esperada por buena parte de la comunidad del club.<\/p>\n<p>La presentaci\u00f3n termin\u00f3 en clima de fiesta, con un encuentro informal en el que se mezclaron jugadores, jugadoras, entrenadores y miembros de los cuerpos t\u00e9cnicos, acompa\u00f1ados por la mascota del club. El p\u00fablico presente se la pas\u00f3 de maravillas.<\/p>\n<p><strong>La gira<\/strong><\/p>\n<p>Boca Juniors ya tiene la mira puesta en su primer gran objetivo de la temporada 2026\/27: la Copa Intercontinental. El equipo dirigido por Casal\u00e1nguida intensificar\u00e1 su preparaci\u00f3n con una gira por Espa\u00f1a, donde disputar\u00e1 tres encuentros amistosos entre el 5 y el 11 de este mes.<\/p>\n<p>El primer compromiso ser\u00e1 este s\u00e1bado, d\u00eda en el que se medir\u00e1 ante Fuenlabrada, equipo que milita en la Primera FEB, la segunda categor\u00eda del b\u00e1squet espa\u00f1ol y habitual protagonista de la competencia. All\u00ed juega el argentino Mateo D\u00edaz.\u00a0Luego, el Xeneize, enfrentar\u00e1, el 9, a Breog\u00e1n, en lo que ser\u00e1 entonces el segundo partido de la gira.<\/p>\n<p>El cierre de este paso por Europa est\u00e1 previsto para 11, jornada en la que chocar\u00e1 con UCAM Murcia, uno de los equipos importantes de la Liga ACB. El conjunto murciano viene de alcanzar las semifinales de la \u00faltima temporada y cuenta en su plantel con otro argentino: Juani Marcos.<\/p>\n<p>La gira tambi\u00e9n permitir\u00e1 que Boca Juniors incorpore a los jugadores que, hasta hace poco, estuvieron afectados a la Selecci\u00f3n Argentina. Ya finalizados sus compromisos con el combinado nacional, Fran C\u00e1ffaro, Jos\u00e9 Vildoza y Leo Lema se pondr\u00e1n a las \u00f3rdenes de Casal\u00e1nguida, para afrontar los partidos amistosos y oficiales que se vienen.<\/p>\n<p>Despu\u00e9s de la preparaci\u00f3n en Espa\u00f1a, Boca Juniors viajar\u00e1 a China, donde disputar\u00e1 otros tres amistosos antes de afrontar el gran desaf\u00edo internacional.<\/p>\n<p>La Copa Intercontinental tendr\u00e1 como sede a Beijing. El conjunto argentino debutar\u00e1 el 22 de septiembre ante el local, Beijing Royal Fighters, mientras que el 24 de septiembre se enfrentar\u00e1 a G-League United.<\/p>\n<p>As\u00ed, Boca Juniors tendr\u00e1 por delante una exigente puesta a punto internacional, con seis amistosos en Europa y China antes de ir en busca de la Intercontinental.<\/p>\n","protected":false},"excerpt":{"rendered":"<p>Boca Juniors vivi\u00f3 una noche especial en La Bombonerita, donde ayer present\u00f3 oficialmente a sus planteles masculino y femenino de<\/p>\n","protected":false},"author":2,"featured_media":68374,"comment_status":"closed","ping_status":"closed","sticky":false,"template":"","format":"standard","meta":{"footnotes":""},"categories":[5,24],"tags":[],"class_list":["post-68373","post","type-post","status-publish","format-standard","has-post-thumbnail","hentry","category-basquet","category-noticias-destacadas"],"cc_featured_image_caption":{"caption_text":"","source_text":"","source_url":""},"_links":{"self":[{"href":"https:\/\/todoapulmon-rafaela.com\/index.php\/wp-json\/wp\/v2\/posts\/68373"}],"collection":[{"href":"https:\/\/todoapulmon-rafaela.com\/index.php\/wp-json\/wp\/v2\/posts"}],"about":[{"href":"https:\/\/todoapulmon-rafaela.com\/index.php\/wp-json\/wp\/v2\/types\/post"}],"author":[{"embeddable":true,"href":"https:\/\/todoapulmon-rafaela.com\/index.php\/wp-json\/wp\/v2\/users\/2"}],"replies":[{"embeddable":true,"href":"https:\/\/todoapulmon-rafaela.com\/index.php\/wp-json\/wp\/v2\/comments?post=68373"}],"version-history":[{"count":3,"href":"https:\/\/todoapulmon-rafaela.com\/index.php\/wp-json\/wp\/v2\/posts\/68373\/revisions"}],"predecessor-version":[{"id":68378,"href":"https:\/\/todoapulmon-rafaela.com\/index.php\/wp-json\/wp\/v2\/posts\/68373\/revisions\/68378"}],"wp:featuredmedia":[{"embeddable":true,"href":"https:\/\/todoapulmon-rafaela.com\/index.php\/wp-json\/wp\/v2\/media\/68374"}],"wp:attachment":[{"href":"https:\/\/todoapulmon-rafaela.com\/index.php\/wp-json\/wp\/v2\/media?parent=68373"}],"wp:term":[{"taxonomy":"category","embeddable":true,"href":"https:\/\/todoapulmon-rafaela.com\/index.php\/wp-json\/wp\/v2\/categories?post=68373"},{"taxonomy":"post_tag","embeddable":true,"href":"https:\/\/todoapulmon-rafaela.com\/index.php\/wp-json\/wp\/v2\/tags?post=68373"}],"curies":[{"name":"wp","href":"https:\/\/api.w.org\/{rel}","templated":true}]}}