{"id":68367,"date":"2026-09-02T12:14:26","date_gmt":"2026-09-02T12:14:26","guid":{"rendered":"https:\/\/todoapulmon-rafaela.com\/?p=68367"},"modified":"2026-09-02T12:14:26","modified_gmt":"2026-09-02T12:14:26","slug":"empezara-la-liga-federal-formativa-u13-masculina","status":"publish","type":"post","link":"https:\/\/todoapulmon-rafaela.com\/index.php\/2026\/09\/02\/empezara-la-liga-federal-formativa-u13-masculina\/","title":{"rendered":"Empezar\u00e1 la Liga Federal Formativa U13 masculina"},"content":{"rendered":"<p>Con la participaci\u00f3n de Independiente y Uni\u00f3n de Sunchales el venidero fin de semana se pondr\u00e1 en marcha la Liga Federal Formativa de la categor\u00eda infantiles masculina, organizada por la CAB.<\/p>\n<p>El Bicho Verde sunchalense jugar\u00e1 la primera etapa en San Francisco.<\/p>\n<p>El s\u00e1bado a las 17 est\u00e1 programado el debut ante Villa Minetti, mientras que el domingo a las 10 enfrentar\u00e1 a San Lorenzo de Tostado. A las 19 cerrar\u00e1 la programaci\u00f3n con el local El Ceibo.<\/p>\n<p>Por su parte, el CAI tendr\u00e1 acci\u00f3n en Esperanza, donde en el gimnasio \u00abJuan Carlos Spies\u00bb tendr\u00e1 el primer partido el s\u00e1bado a las 17 ante Uni\u00f3n Santo Tom\u00e9, para despu\u00e9s el domingo a las 12 enfrentar al local Almagro y completar la zona el mismo d\u00eda a las 17 frente a Banco Santa Fe.<\/p>\n","protected":false},"excerpt":{"rendered":"<p>Con la participaci\u00f3n de Independiente y Uni\u00f3n de Sunchales el venidero fin de semana se pondr\u00e1 en marcha la Liga<\/p>\n","protected":false},"author":2,"featured_media":68368,"comment_status":"closed","ping_status":"closed","sticky":false,"template":"","format":"standard","meta":{"footnotes":""},"categories":[5],"tags":[],"class_list":["post-68367","post","type-post","status-publish","format-standard","has-post-thumbnail","hentry","category-basquet"],"cc_featured_image_caption":{"caption_text":"Uni\u00f3n de Sunchales, uno de los representantes de la ARB.","source_text":"","source_url":""},"_links":{"self":[{"href":"https:\/\/todoapulmon-rafaela.com\/index.php\/wp-json\/wp\/v2\/posts\/68367"}],"collection":[{"href":"https:\/\/todoapulmon-rafaela.com\/index.php\/wp-json\/wp\/v2\/posts"}],"about":[{"href":"https:\/\/todoapulmon-rafaela.com\/index.php\/wp-json\/wp\/v2\/types\/post"}],"author":[{"embeddable":true,"href":"https:\/\/todoapulmon-rafaela.com\/index.php\/wp-json\/wp\/v2\/users\/2"}],"replies":[{"embeddable":true,"href":"https:\/\/todoapulmon-rafaela.com\/index.php\/wp-json\/wp\/v2\/comments?post=68367"}],"version-history":[{"count":1,"href":"https:\/\/todoapulmon-rafaela.com\/index.php\/wp-json\/wp\/v2\/posts\/68367\/revisions"}],"predecessor-version":[{"id":68369,"href":"https:\/\/todoapulmon-rafaela.com\/index.php\/wp-json\/wp\/v2\/posts\/68367\/revisions\/68369"}],"wp:featuredmedia":[{"embeddable":true,"href":"https:\/\/todoapulmon-rafaela.com\/index.php\/wp-json\/wp\/v2\/media\/68368"}],"wp:attachment":[{"href":"https:\/\/todoapulmon-rafaela.com\/index.php\/wp-json\/wp\/v2\/media?parent=68367"}],"wp:term":[{"taxonomy":"category","embeddable":true,"href":"https:\/\/todoapulmon-rafaela.com\/index.php\/wp-json\/wp\/v2\/categories?post=68367"},{"taxonomy":"post_tag","embeddable":true,"href":"https:\/\/todoapulmon-rafaela.com\/index.php\/wp-json\/wp\/v2\/tags?post=68367"}],"curies":[{"name":"wp","href":"https:\/\/api.w.org\/{rel}","templated":true}]}}