{"id":68361,"date":"2026-09-02T11:22:17","date_gmt":"2026-09-02T11:22:17","guid":{"rendered":"https:\/\/todoapulmon-rafaela.com\/?p=68361"},"modified":"2026-09-02T11:37:45","modified_gmt":"2026-09-02T11:37:45","slug":"gimnastas-de-crear-se-destacaron-en-el-segundo-provincial","status":"publish","type":"post","link":"https:\/\/todoapulmon-rafaela.com\/index.php\/2026\/09\/02\/gimnastas-de-crear-se-destacaron-en-el-segundo-provincial\/","title":{"rendered":"Gimnastas de CREAR se destacaron en el segundo Provincial"},"content":{"rendered":"<p>El \u00faltimo fin de semana se desarroll\u00f3 en Rosario el segundo torneo Provincial de gimnasia art\u00edstica organizado por la Federaci\u00f3n Santafesina.<\/p>\n<p>En el mismo tuvieron una destacada performance las representantes de CREAR Club, logrando los siguientes resultados:<\/p>\n<p><strong>Nivel 6<\/strong><br \/>\n<strong>Pre infantil<\/strong><br \/>\n10 a\u00f1os<br \/>\n4\u00b0 DIAZ MORENA<\/p>\n<p>11 A\u00d1OS<br \/>\n2\u00b0 MORENO CELINA<br \/>\n3\u00b0 BOTTO DANA<\/p>\n<p><img loading=\"lazy\" decoding=\"async\" class=\"alignnone size-full wp-image-68363\" src=\"https:\/\/todoapulmon-rafaela.com\/wp-content\/uploads\/2026\/09\/CREAR-segundo-provincial1.jpg\" alt=\"\" width=\"720\" height=\"1280\" srcset=\"https:\/\/todoapulmon-rafaela.com\/wp-content\/uploads\/2026\/09\/CREAR-segundo-provincial1.jpg 720w, https:\/\/todoapulmon-rafaela.com\/wp-content\/uploads\/2026\/09\/CREAR-segundo-provincial1-169x300.jpg 169w\" sizes=\"(max-width: 720px) 100vw, 720px\" \/><\/p>\n<p><strong>NIVEL 6<\/strong><br \/>\n<strong>Infantil<\/strong><br \/>\n12 a\u00f1os<br \/>\n8\u00b0 ISAURRALDE DELFINA<\/p>\n<p><img loading=\"lazy\" decoding=\"async\" class=\"alignnone size-full wp-image-68364\" src=\"https:\/\/todoapulmon-rafaela.com\/wp-content\/uploads\/2026\/09\/Araceli-Burgos-2026.jpg\" alt=\"\" width=\"720\" height=\"1280\" srcset=\"https:\/\/todoapulmon-rafaela.com\/wp-content\/uploads\/2026\/09\/Araceli-Burgos-2026.jpg 720w, https:\/\/todoapulmon-rafaela.com\/wp-content\/uploads\/2026\/09\/Araceli-Burgos-2026-169x300.jpg 169w\" sizes=\"(max-width: 720px) 100vw, 720px\" \/><\/p>\n<p><strong>NIVEL 8<\/strong><br \/>\n<strong>Juvenil<\/strong><br \/>\n1\u00b0 BURGOS ARACELI.<\/p>\n","protected":false},"excerpt":{"rendered":"<p>El \u00faltimo fin de semana se desarroll\u00f3 en Rosario el segundo torneo Provincial de gimnasia art\u00edstica organizado por la Federaci\u00f3n<\/p>\n","protected":false},"author":2,"featured_media":68366,"comment_status":"closed","ping_status":"closed","sticky":false,"template":"","format":"standard","meta":{"footnotes":""},"categories":[24],"tags":[],"class_list":["post-68361","post","type-post","status-publish","format-standard","has-post-thumbnail","hentry","category-noticias-destacadas"],"cc_featured_image_caption":{"caption_text":"","source_text":"","source_url":""},"_links":{"self":[{"href":"https:\/\/todoapulmon-rafaela.com\/index.php\/wp-json\/wp\/v2\/posts\/68361"}],"collection":[{"href":"https:\/\/todoapulmon-rafaela.com\/index.php\/wp-json\/wp\/v2\/posts"}],"about":[{"href":"https:\/\/todoapulmon-rafaela.com\/index.php\/wp-json\/wp\/v2\/types\/post"}],"author":[{"embeddable":true,"href":"https:\/\/todoapulmon-rafaela.com\/index.php\/wp-json\/wp\/v2\/users\/2"}],"replies":[{"embeddable":true,"href":"https:\/\/todoapulmon-rafaela.com\/index.php\/wp-json\/wp\/v2\/comments?post=68361"}],"version-history":[{"count":1,"href":"https:\/\/todoapulmon-rafaela.com\/index.php\/wp-json\/wp\/v2\/posts\/68361\/revisions"}],"predecessor-version":[{"id":68365,"href":"https:\/\/todoapulmon-rafaela.com\/index.php\/wp-json\/wp\/v2\/posts\/68361\/revisions\/68365"}],"wp:featuredmedia":[{"embeddable":true,"href":"https:\/\/todoapulmon-rafaela.com\/index.php\/wp-json\/wp\/v2\/media\/68366"}],"wp:attachment":[{"href":"https:\/\/todoapulmon-rafaela.com\/index.php\/wp-json\/wp\/v2\/media?parent=68361"}],"wp:term":[{"taxonomy":"category","embeddable":true,"href":"https:\/\/todoapulmon-rafaela.com\/index.php\/wp-json\/wp\/v2\/categories?post=68361"},{"taxonomy":"post_tag","embeddable":true,"href":"https:\/\/todoapulmon-rafaela.com\/index.php\/wp-json\/wp\/v2\/tags?post=68361"}],"curies":[{"name":"wp","href":"https:\/\/api.w.org\/{rel}","templated":true}]}}