{"id":68354,"date":"2026-09-01T19:48:21","date_gmt":"2026-09-01T19:48:21","guid":{"rendered":"https:\/\/todoapulmon-rafaela.com\/?p=68354"},"modified":"2026-09-01T19:48:47","modified_gmt":"2026-09-01T19:48:47","slug":"68354","status":"publish","type":"post","link":"https:\/\/todoapulmon-rafaela.com\/index.php\/2026\/09\/01\/68354\/","title":{"rendered":"Rafaela pone a punto la pista de mountain bike para los Juegos Suramericanos"},"content":{"rendered":"<p>El Gobierno municipal avanza con la puesta a punto de la pista de mountain bike ubicada en el Curv\u00f3n Sur del Aut\u00f3dromo \u00abCiudad de Rafaela\u00bb, uno de los escenarios que recibir\u00e1 competencias durante los XIII Juegos Suramericanos Santa Fe 2026.<\/p>\n<p>Las intervenciones incluyeron el despeje y desmalezado del recorrido, la preparaci\u00f3n del terreno y el armado y colocaci\u00f3n de los diferentes obst\u00e1culos que conforman los sectores t\u00e9cnicos.<\/p>\n<p>Una vez terminada esta primera instancia, la pista fue probada por profesionales de la disciplina. A partir de sus recorridos y observaciones, se incorporaron mejoras y se corrigieron distintos aspectos vinculados con la seguridad, la dificultad y la fluidez del circuito.<\/p>\n<p>Estas pruebas resultaron fundamentales para evaluar el funcionamiento real de cada tramo y adaptar el recorrido a las exigencias de una competencia internacional. Luego de los ajustes realizados, la pista est\u00e1 cada vez m\u00e1s cerca de quedar lista para recibir a los deportistas.<\/p>\n<p>En paralelo, cooperativas de trabajo llevan adelante tareas de limpieza general en la pista y sus alrededores, con el objetivo de ordenar el espacio y acondicionar los diferentes sectores.<\/p>\n<p>De esta manera, Rafaela contin\u00faa preparando sus escenarios deportivos para los Juegos Suramericanos y suma una nueva infraestructura que podr\u00e1 seguir utiliz\u00e1ndose para la pr\u00e1ctica y el crecimiento del mountain bike en la ciudad.<\/p>\n","protected":false},"excerpt":{"rendered":"<p>El Gobierno municipal avanza con la puesta a punto de la pista de mountain bike ubicada en el Curv\u00f3n Sur<\/p>\n","protected":false},"author":2,"featured_media":68355,"comment_status":"closed","ping_status":"closed","sticky":false,"template":"","format":"standard","meta":{"footnotes":""},"categories":[4],"tags":[],"class_list":["post-68354","post","type-post","status-publish","format-standard","has-post-thumbnail","hentry","category-ciclismo"],"cc_featured_image_caption":{"caption_text":"","source_text":"","source_url":""},"_links":{"self":[{"href":"https:\/\/todoapulmon-rafaela.com\/index.php\/wp-json\/wp\/v2\/posts\/68354"}],"collection":[{"href":"https:\/\/todoapulmon-rafaela.com\/index.php\/wp-json\/wp\/v2\/posts"}],"about":[{"href":"https:\/\/todoapulmon-rafaela.com\/index.php\/wp-json\/wp\/v2\/types\/post"}],"author":[{"embeddable":true,"href":"https:\/\/todoapulmon-rafaela.com\/index.php\/wp-json\/wp\/v2\/users\/2"}],"replies":[{"embeddable":true,"href":"https:\/\/todoapulmon-rafaela.com\/index.php\/wp-json\/wp\/v2\/comments?post=68354"}],"version-history":[{"count":2,"href":"https:\/\/todoapulmon-rafaela.com\/index.php\/wp-json\/wp\/v2\/posts\/68354\/revisions"}],"predecessor-version":[{"id":68357,"href":"https:\/\/todoapulmon-rafaela.com\/index.php\/wp-json\/wp\/v2\/posts\/68354\/revisions\/68357"}],"wp:featuredmedia":[{"embeddable":true,"href":"https:\/\/todoapulmon-rafaela.com\/index.php\/wp-json\/wp\/v2\/media\/68355"}],"wp:attachment":[{"href":"https:\/\/todoapulmon-rafaela.com\/index.php\/wp-json\/wp\/v2\/media?parent=68354"}],"wp:term":[{"taxonomy":"category","embeddable":true,"href":"https:\/\/todoapulmon-rafaela.com\/index.php\/wp-json\/wp\/v2\/categories?post=68354"},{"taxonomy":"post_tag","embeddable":true,"href":"https:\/\/todoapulmon-rafaela.com\/index.php\/wp-json\/wp\/v2\/tags?post=68354"}],"curies":[{"name":"wp","href":"https:\/\/api.w.org\/{rel}","templated":true}]}}