{"id":68351,"date":"2026-09-01T15:30:43","date_gmt":"2026-09-01T15:30:43","guid":{"rendered":"https:\/\/todoapulmon-rafaela.com\/?p=68351"},"modified":"2026-09-01T15:35:34","modified_gmt":"2026-09-01T15:35:34","slug":"oficial-maligno-torres-no-competira-en-rafaela-en-los-juegos-suramericanos","status":"publish","type":"post","link":"https:\/\/todoapulmon-rafaela.com\/index.php\/2026\/09\/01\/oficial-maligno-torres-no-competira-en-rafaela-en-los-juegos-suramericanos\/","title":{"rendered":"Oficial: Maligno Torres no competir\u00e1 en Rafaela en los Juegos Suramericanos"},"content":{"rendered":"<p>Este martes la Uni\u00f3n Ciclista de la Rep\u00fablica Argentina comunic\u00f3 oficialmente dos nuevos equipos para los Juegos Suramericanos 2026, que en lo que tiene que ver con su \u00e1rea se desarrollar\u00e1n \u00edntegramente en Rafaela.<\/p>\n<p>El BMX Freestyle era una de las disciplinas que a\u00fan no ten\u00edan los dos integrantes determinados. Y si bien se intu\u00eda que era poco probable, se aguardaba si el campe\u00f3n ol\u00edmpico Jos\u00e9 \u00abMaligno\u00bb Torres podr\u00eda ser de la partida en la nueva infraestructura que se estrenar\u00e1 en nuestra ciudad. Finalmente esto no podr\u00e1 ser posible.<\/p>\n<p>\u00abMaligno no va a participar debido a que no est\u00e1 en \u00f3ptimas condiciones f\u00edsicas para esta competencia y todav\u00eda queda un largo camino de competencias. Por eso preferimos que represente Manu\u00bb, confirm\u00f3 a esta web Maximiliano Benad\u00eda, encargado del cuerpo t\u00e9cnico nacional.<\/p>\n<p>En el park que se est\u00e1 terminando de construir en Rafaela estar\u00e1 entonces el joven neuquino de 18 a\u00f1os Manuel Turone, plata en los \u00faltimos Panamericanos Juniors, mientras que la atleta femenina de la disciplina ser\u00e1 la misionera Anal\u00eda Zacar\u00edas.<\/p>\n<p>El ente tambi\u00e9n comunic\u00f3 que\u00a0Agustina Apaza,\u00a0Luc\u00eda Miralles,\u00a0Fernando Contreras y\u00a0Agust\u00edn Dur\u00e1n ser\u00e1n los representantes nacionales en\u00a0mountain bike.<\/p>\n","protected":false},"excerpt":{"rendered":"<p>Este martes la Uni\u00f3n Ciclista de la Rep\u00fablica Argentina comunic\u00f3 oficialmente dos nuevos equipos para los Juegos Suramericanos 2026, que<\/p>\n","protected":false},"author":2,"featured_media":53742,"comment_status":"closed","ping_status":"closed","sticky":false,"template":"","format":"standard","meta":{"footnotes":""},"categories":[4,24],"tags":[],"class_list":["post-68351","post","type-post","status-publish","format-standard","has-post-thumbnail","hentry","category-ciclismo","category-noticias-destacadas"],"cc_featured_image_caption":{"caption_text":"El cordob\u00e9s campe\u00f3n ol\u00edmpico no integrar\u00e1 el equipo nacional por motivos f\u00edsicos.","source_text":"","source_url":""},"_links":{"self":[{"href":"https:\/\/todoapulmon-rafaela.com\/index.php\/wp-json\/wp\/v2\/posts\/68351"}],"collection":[{"href":"https:\/\/todoapulmon-rafaela.com\/index.php\/wp-json\/wp\/v2\/posts"}],"about":[{"href":"https:\/\/todoapulmon-rafaela.com\/index.php\/wp-json\/wp\/v2\/types\/post"}],"author":[{"embeddable":true,"href":"https:\/\/todoapulmon-rafaela.com\/index.php\/wp-json\/wp\/v2\/users\/2"}],"replies":[{"embeddable":true,"href":"https:\/\/todoapulmon-rafaela.com\/index.php\/wp-json\/wp\/v2\/comments?post=68351"}],"version-history":[{"count":2,"href":"https:\/\/todoapulmon-rafaela.com\/index.php\/wp-json\/wp\/v2\/posts\/68351\/revisions"}],"predecessor-version":[{"id":68353,"href":"https:\/\/todoapulmon-rafaela.com\/index.php\/wp-json\/wp\/v2\/posts\/68351\/revisions\/68353"}],"wp:featuredmedia":[{"embeddable":true,"href":"https:\/\/todoapulmon-rafaela.com\/index.php\/wp-json\/wp\/v2\/media\/53742"}],"wp:attachment":[{"href":"https:\/\/todoapulmon-rafaela.com\/index.php\/wp-json\/wp\/v2\/media?parent=68351"}],"wp:term":[{"taxonomy":"category","embeddable":true,"href":"https:\/\/todoapulmon-rafaela.com\/index.php\/wp-json\/wp\/v2\/categories?post=68351"},{"taxonomy":"post_tag","embeddable":true,"href":"https:\/\/todoapulmon-rafaela.com\/index.php\/wp-json\/wp\/v2\/tags?post=68351"}],"curies":[{"name":"wp","href":"https:\/\/api.w.org\/{rel}","templated":true}]}}