{"id":6833,"date":"2017-05-26T23:06:36","date_gmt":"2017-05-26T23:06:36","guid":{"rendered":"http:\/\/todoapulmon-rafaela.com\/?p=6833"},"modified":"2017-05-26T23:06:36","modified_gmt":"2017-05-26T23:06:36","slug":"empieza-la-liga-provincial-u17-femenina","status":"publish","type":"post","link":"https:\/\/todoapulmon-rafaela.com\/index.php\/2017\/05\/26\/empieza-la-liga-provincial-u17-femenina\/","title":{"rendered":"Empieza la Liga Provincial U17 femenina"},"content":{"rendered":"<p>Ben Hur estar\u00e1 iniciando este s\u00e1bado su participaci\u00f3n en la Liga Provincial U17 femenina. En Rosario afrontar\u00e1 el triangular Zona B, junto al local Rosario Central y Racing de San Crist\u00f3bal.<br \/>\nEl equipo rafaelino debutar\u00e1 hoy a las 10.30 frente a Racing, y por la tarde, a las 17, enfrentar\u00e1 al due\u00f1o de casa.<br \/>\nPor su parte, Libertad de Sunchales lo har\u00e1 en la Zona C con sede en Talleres de Villa Gobernador G\u00e1lvez. Desde las 18 las aurinegras enfrentar\u00e1n a Ben Hur de Rosario y ma\u00f1ana a las 11 con el local.<br \/>\nEl grupo A se jugar\u00e1 en Atalaya de Rosario con el anfitri\u00f3n, Alba de Maciel y San Lorenzo de Tostado.<\/p>\n<p>Los triangulares de vuelta ser\u00e1n los d\u00edas 29 y 30 de julio. Los tres ganadores de grupos jugar\u00e1n un triangular que clasificar\u00e1 a primeras y segundas a un hexagonal final con fecha de 19, 20 y 21 de agosto.<\/p>\n<p>&nbsp;<\/p>\n<p>&nbsp;<\/p>\n","protected":false},"excerpt":{"rendered":"<p>Ben Hur estar\u00e1 iniciando este s\u00e1bado su participaci\u00f3n en la Liga Provincial U17 femenina. En Rosario afrontar\u00e1 el triangular Zona<\/p>\n","protected":false},"author":2,"featured_media":6834,"comment_status":"open","ping_status":"open","sticky":false,"template":"","format":"standard","meta":{"footnotes":""},"categories":[5],"tags":[],"class_list":["post-6833","post","type-post","status-publish","format-standard","has-post-thumbnail","hentry","category-basquet"],"cc_featured_image_caption":{"caption_text":"El primer desaf\u00edo de Ben Hur ser\u00e1 en Rosario. (Foto prensa BH archivo).","source_text":"","source_url":""},"_links":{"self":[{"href":"https:\/\/todoapulmon-rafaela.com\/index.php\/wp-json\/wp\/v2\/posts\/6833"}],"collection":[{"href":"https:\/\/todoapulmon-rafaela.com\/index.php\/wp-json\/wp\/v2\/posts"}],"about":[{"href":"https:\/\/todoapulmon-rafaela.com\/index.php\/wp-json\/wp\/v2\/types\/post"}],"author":[{"embeddable":true,"href":"https:\/\/todoapulmon-rafaela.com\/index.php\/wp-json\/wp\/v2\/users\/2"}],"replies":[{"embeddable":true,"href":"https:\/\/todoapulmon-rafaela.com\/index.php\/wp-json\/wp\/v2\/comments?post=6833"}],"version-history":[{"count":1,"href":"https:\/\/todoapulmon-rafaela.com\/index.php\/wp-json\/wp\/v2\/posts\/6833\/revisions"}],"predecessor-version":[{"id":6835,"href":"https:\/\/todoapulmon-rafaela.com\/index.php\/wp-json\/wp\/v2\/posts\/6833\/revisions\/6835"}],"wp:featuredmedia":[{"embeddable":true,"href":"https:\/\/todoapulmon-rafaela.com\/index.php\/wp-json\/wp\/v2\/media\/6834"}],"wp:attachment":[{"href":"https:\/\/todoapulmon-rafaela.com\/index.php\/wp-json\/wp\/v2\/media?parent=6833"}],"wp:term":[{"taxonomy":"category","embeddable":true,"href":"https:\/\/todoapulmon-rafaela.com\/index.php\/wp-json\/wp\/v2\/categories?post=6833"},{"taxonomy":"post_tag","embeddable":true,"href":"https:\/\/todoapulmon-rafaela.com\/index.php\/wp-json\/wp\/v2\/tags?post=6833"}],"curies":[{"name":"wp","href":"https:\/\/api.w.org\/{rel}","templated":true}]}}