{"id":68322,"date":"2026-08-31T13:20:37","date_gmt":"2026-08-31T13:20:37","guid":{"rendered":"https:\/\/todoapulmon-rafaela.com\/?p=68322"},"modified":"2026-08-31T13:20:37","modified_gmt":"2026-08-31T13:20:37","slug":"german-romitelli-otra-vez-en-lo-mas-alto-de-america","status":"publish","type":"post","link":"https:\/\/todoapulmon-rafaela.com\/index.php\/2026\/08\/31\/german-romitelli-otra-vez-en-lo-mas-alto-de-america\/","title":{"rendered":"Germ\u00e1n Romitelli, otra vez en lo m\u00e1s alto de Am\u00e9rica"},"content":{"rendered":"<p>El rafaelino Germ\u00e1n Romitelli demostr\u00f3 una vez m\u00e1s su excelente presente deportivo al quedarse este fin de semana con el Campeonato Panamericano de Tiro Pr\u00e1ctico, en la divisi\u00f3n Producci\u00f3n, que se realiz\u00f3 en Savaneta, Aruba.<\/p>\n<p>El deportista surgido del Tiro Federal de Rafaela obtuvo su segunda estrella en esta cita continental, ya que tambi\u00e9n se hab\u00eda consagrado en Kingston, Jamaica, en 2018.<\/p>\n<p>Luego de cuatro d\u00edas de actividad con 24 etapas y 450 disparos, Romitelli consigui\u00f3 cumplir su principal objetivo internacional del a\u00f1o. Si bien la competencia tuvo como ganador al checo Michal Stepan, al ser un deportista europeo no validaba para el Panamericano, por lo que Romitelli como segundo -por escaso margen- fue el campe\u00f3n.<\/p>\n<p><img loading=\"lazy\" decoding=\"async\" class=\"alignnone size-full wp-image-68325\" src=\"https:\/\/todoapulmon-rafaela.com\/wp-content\/uploads\/2026\/08\/Romitelli-Panamericano.jpg\" alt=\"\" width=\"720\" height=\"1280\" srcset=\"https:\/\/todoapulmon-rafaela.com\/wp-content\/uploads\/2026\/08\/Romitelli-Panamericano.jpg 720w, https:\/\/todoapulmon-rafaela.com\/wp-content\/uploads\/2026\/08\/Romitelli-Panamericano-169x300.jpg 169w\" sizes=\"(max-width: 720px) 100vw, 720px\" \/><\/p>\n<p>Cabe acotar que muchos europeos vinieron a tirar a Aruba dada la trascendencia del certamen, que tuvo un alt\u00edsimo nivel.<\/p>\n<p>Por otra parte, la alegr\u00eda fue completa para el representativo argentino ya que se qued\u00f3 con el t\u00edtulo por equipos. El team de Germ\u00e1n Romitelli, Juan Pablo Dur\u00e1n, Pablo Rocchelli y Rodrigo Maldonado se subi\u00f3 a lo m\u00e1s alto del podio, superando a Guatemala y Brasil.<\/p>\n<p><img loading=\"lazy\" decoding=\"async\" class=\"alignnone size-full wp-image-68324\" src=\"https:\/\/todoapulmon-rafaela.com\/wp-content\/uploads\/2026\/08\/Romitelli-equipos-Panamericano.jpg\" alt=\"\" width=\"720\" height=\"1280\" srcset=\"https:\/\/todoapulmon-rafaela.com\/wp-content\/uploads\/2026\/08\/Romitelli-equipos-Panamericano.jpg 720w, https:\/\/todoapulmon-rafaela.com\/wp-content\/uploads\/2026\/08\/Romitelli-equipos-Panamericano-169x300.jpg 169w\" sizes=\"(max-width: 720px) 100vw, 720px\" \/><\/p>\n<p><strong>CLASIFICACION PANAMERICANO PRODUCCION<\/strong><\/p>\n<p>Campe\u00f3n: Germ\u00e1n Romitelli (ARG).<\/p>\n<p>Subcampe\u00f3n: Juan Pablo Dur\u00e1n (ARG).<\/p>\n<p>Tercero: Salvador Luna (Estados Unidos).<\/p>\n<p>&nbsp;<\/p>\n<p>&nbsp;<\/p>\n","protected":false},"excerpt":{"rendered":"<p>El rafaelino Germ\u00e1n Romitelli demostr\u00f3 una vez m\u00e1s su excelente presente deportivo al quedarse este fin de semana con el<\/p>\n","protected":false},"author":2,"featured_media":68323,"comment_status":"closed","ping_status":"closed","sticky":false,"template":"","format":"standard","meta":{"footnotes":""},"categories":[24,19],"tags":[],"class_list":["post-68322","post","type-post","status-publish","format-standard","has-post-thumbnail","hentry","category-noticias-destacadas","category-tiro"],"cc_featured_image_caption":{"caption_text":"Germ\u00e1n Romitelli, en el centro de la premiaci\u00f3n, escoltado por Dur\u00e1n, Luna y Stepan.","source_text":"","source_url":""},"_links":{"self":[{"href":"https:\/\/todoapulmon-rafaela.com\/index.php\/wp-json\/wp\/v2\/posts\/68322"}],"collection":[{"href":"https:\/\/todoapulmon-rafaela.com\/index.php\/wp-json\/wp\/v2\/posts"}],"about":[{"href":"https:\/\/todoapulmon-rafaela.com\/index.php\/wp-json\/wp\/v2\/types\/post"}],"author":[{"embeddable":true,"href":"https:\/\/todoapulmon-rafaela.com\/index.php\/wp-json\/wp\/v2\/users\/2"}],"replies":[{"embeddable":true,"href":"https:\/\/todoapulmon-rafaela.com\/index.php\/wp-json\/wp\/v2\/comments?post=68322"}],"version-history":[{"count":1,"href":"https:\/\/todoapulmon-rafaela.com\/index.php\/wp-json\/wp\/v2\/posts\/68322\/revisions"}],"predecessor-version":[{"id":68326,"href":"https:\/\/todoapulmon-rafaela.com\/index.php\/wp-json\/wp\/v2\/posts\/68322\/revisions\/68326"}],"wp:featuredmedia":[{"embeddable":true,"href":"https:\/\/todoapulmon-rafaela.com\/index.php\/wp-json\/wp\/v2\/media\/68323"}],"wp:attachment":[{"href":"https:\/\/todoapulmon-rafaela.com\/index.php\/wp-json\/wp\/v2\/media?parent=68322"}],"wp:term":[{"taxonomy":"category","embeddable":true,"href":"https:\/\/todoapulmon-rafaela.com\/index.php\/wp-json\/wp\/v2\/categories?post=68322"},{"taxonomy":"post_tag","embeddable":true,"href":"https:\/\/todoapulmon-rafaela.com\/index.php\/wp-json\/wp\/v2\/tags?post=68322"}],"curies":[{"name":"wp","href":"https:\/\/api.w.org\/{rel}","templated":true}]}}