{"id":68316,"date":"2026-08-31T11:58:28","date_gmt":"2026-08-31T11:58:28","guid":{"rendered":"https:\/\/todoapulmon-rafaela.com\/?p=68316"},"modified":"2026-08-31T11:58:28","modified_gmt":"2026-08-31T11:58:28","slug":"km-team-tuvo-numerosa-convocatoria-y-grandes-resultados-en-felicia","status":"publish","type":"post","link":"https:\/\/todoapulmon-rafaela.com\/index.php\/2026\/08\/31\/km-team-tuvo-numerosa-convocatoria-y-grandes-resultados-en-felicia\/","title":{"rendered":"KM.TEAM tuvo numerosa convocatoria y grandes resultados en Felicia"},"content":{"rendered":"<p>El s\u00e1bado se realiz\u00f3 la denominada \u00abMarat\u00f3n Feliciana\u00bb en la localidad de Felicia, donde asisti\u00f3 un numeroso contingente del grupo KM.TEAM de Rafaela, con el profesor Adri\u00e1n Gonz\u00e1lez.<\/p>\n<p>Fueron 31 integrantes repartidos en las dos distancias establecidas, de 5 y 10 km, con auspiciosos resultados.<\/p>\n<p>Lo m\u00e1s saliente pas\u00f3 por el triunfo en la clasificaci\u00f3n general femenina de Mar\u00eda Jos\u00e9 Ponce en los 10.000 metros, reafirmando su buen presente deportivo. Asimismo, muchos de los alumnos consiguieron bajar sus registros personales.<\/p>\n<p><img loading=\"lazy\" decoding=\"async\" class=\"alignnone size-full wp-image-68319\" src=\"https:\/\/todoapulmon-rafaela.com\/wp-content\/uploads\/2026\/08\/Maraton-Feliciana1.jpg\" alt=\"\" width=\"720\" height=\"941\" srcset=\"https:\/\/todoapulmon-rafaela.com\/wp-content\/uploads\/2026\/08\/Maraton-Feliciana1.jpg 720w, https:\/\/todoapulmon-rafaela.com\/wp-content\/uploads\/2026\/08\/Maraton-Feliciana1-230x300.jpg 230w\" sizes=\"(max-width: 720px) 100vw, 720px\" \/><\/p>\n<p><strong>5 KM<\/strong><\/p>\n<p>Gisel Buffa (5 general femenina)<br \/>\nAlbina Rubiolo (6 general femenina)<\/p>\n<p>Camila Vogt (mejor marca)<br \/>\nEvangelina Mancilla (mejor marca)<br \/>\nGonzalo Magnago (mejor marca)<br \/>\nAdem\u00e1s participaron: Valeria Gonz\u00e1lez, Yamila Guzm\u00e1n, Sof\u00eda Genta, Fernanda Genta, Silvio Vogt, Luisina Cejas, Tatiana Acosta, Santino Santill\u00e1n, Natali Giuliano, Santiago Sosa (debut) y Adri\u00e1n Gonz\u00e1lez.<\/p>\n<p><strong>10 KM<\/strong><\/p>\n<p><img loading=\"lazy\" decoding=\"async\" class=\"alignnone size-full wp-image-68318\" src=\"https:\/\/todoapulmon-rafaela.com\/wp-content\/uploads\/2026\/08\/Maria-Jose-Ponce-triunfo-Felicia.jpg\" alt=\"\" width=\"720\" height=\"773\" srcset=\"https:\/\/todoapulmon-rafaela.com\/wp-content\/uploads\/2026\/08\/Maria-Jose-Ponce-triunfo-Felicia.jpg 720w, https:\/\/todoapulmon-rafaela.com\/wp-content\/uploads\/2026\/08\/Maria-Jose-Ponce-triunfo-Felicia-279x300.jpg 279w\" sizes=\"(max-width: 720px) 100vw, 720px\" \/><\/p>\n<p>Mar\u00eda Jos\u00e9 Ponce, 1 general femenina y 1 categor\u00eda 45 a 49 a\u00f1os.<br \/>\nAgostina Gonzalez (4 general femenina y 1 categor\u00eda 25 a 29)<br \/>\nRegina Bartolacci\u00a0 mejor marca y 2 categor\u00eda 25 a 29)<br \/>\nLucila Kuhn (mejor marca y 3 categor\u00eda 25 a 29)<br \/>\nMicaela Ferreyra (mejor marca y 3 categor\u00eda 35 a 39)<br \/>\nValentina Tarchini (mejor marca y 4 categor\u00eda 35 a 39)<br \/>\nAntonela Gonz\u00e1lez (mejor marca y 5 categor\u00eda 35 a 39)<br \/>\nAndrea Ulmann (1 categor\u00eda 45 a 49)<br \/>\nJazmin Gaisser (debut y 4 categor\u00eda 25 a 29)<br \/>\nLaura Gerling (3 categor\u00eda 55 a 59)<br \/>\nLucrecia Casco (mejor marca)<br \/>\nAntonela Manera ( debut)<br \/>\nAdriana Depetrini (1 categor\u00eda 60 a 64)<br \/>\nGraciela Perotti (2 categor\u00eda 65 a 69)<br \/>\nHugo Acosta (3 categor\u00eda 45 a 49)<br \/>\nCristian Loaiza (nueva mejor marca)<br \/>\nMatias Rodriguez.<\/p>\n<p>&nbsp;<\/p>\n","protected":false},"excerpt":{"rendered":"<p>El s\u00e1bado se realiz\u00f3 la denominada \u00abMarat\u00f3n Feliciana\u00bb en la localidad de Felicia, donde asisti\u00f3 un numeroso contingente del grupo<\/p>\n","protected":false},"author":2,"featured_media":68317,"comment_status":"closed","ping_status":"closed","sticky":false,"template":"","format":"standard","meta":{"footnotes":""},"categories":[7,24],"tags":[],"class_list":["post-68316","post","type-post","status-publish","format-standard","has-post-thumbnail","hentry","category-atletismo","category-noticias-destacadas"],"cc_featured_image_caption":{"caption_text":"","source_text":"","source_url":""},"_links":{"self":[{"href":"https:\/\/todoapulmon-rafaela.com\/index.php\/wp-json\/wp\/v2\/posts\/68316"}],"collection":[{"href":"https:\/\/todoapulmon-rafaela.com\/index.php\/wp-json\/wp\/v2\/posts"}],"about":[{"href":"https:\/\/todoapulmon-rafaela.com\/index.php\/wp-json\/wp\/v2\/types\/post"}],"author":[{"embeddable":true,"href":"https:\/\/todoapulmon-rafaela.com\/index.php\/wp-json\/wp\/v2\/users\/2"}],"replies":[{"embeddable":true,"href":"https:\/\/todoapulmon-rafaela.com\/index.php\/wp-json\/wp\/v2\/comments?post=68316"}],"version-history":[{"count":1,"href":"https:\/\/todoapulmon-rafaela.com\/index.php\/wp-json\/wp\/v2\/posts\/68316\/revisions"}],"predecessor-version":[{"id":68320,"href":"https:\/\/todoapulmon-rafaela.com\/index.php\/wp-json\/wp\/v2\/posts\/68316\/revisions\/68320"}],"wp:featuredmedia":[{"embeddable":true,"href":"https:\/\/todoapulmon-rafaela.com\/index.php\/wp-json\/wp\/v2\/media\/68317"}],"wp:attachment":[{"href":"https:\/\/todoapulmon-rafaela.com\/index.php\/wp-json\/wp\/v2\/media?parent=68316"}],"wp:term":[{"taxonomy":"category","embeddable":true,"href":"https:\/\/todoapulmon-rafaela.com\/index.php\/wp-json\/wp\/v2\/categories?post=68316"},{"taxonomy":"post_tag","embeddable":true,"href":"https:\/\/todoapulmon-rafaela.com\/index.php\/wp-json\/wp\/v2\/tags?post=68316"}],"curies":[{"name":"wp","href":"https:\/\/api.w.org\/{rel}","templated":true}]}}