{"id":68298,"date":"2026-08-30T22:03:23","date_gmt":"2026-08-30T22:03:23","guid":{"rendered":"https:\/\/todoapulmon-rafaela.com\/?p=68298"},"modified":"2026-08-30T22:03:23","modified_gmt":"2026-08-30T22:03:23","slug":"atletico-perdio-ante-platense","status":"publish","type":"post","link":"https:\/\/todoapulmon-rafaela.com\/index.php\/2026\/08\/30\/atletico-perdio-ante-platense\/","title":{"rendered":"Atl\u00e9tico perdi\u00f3 ante Platense"},"content":{"rendered":"<p>Por la fecha 15 de la Zona A de la Primera B de AFA, el femenino de Atl\u00e9tico de Rafaela recibi\u00f3 este domingo a Platense. El equipo que dirige Lucas Avenda\u00f1o cay\u00f3 por 2 a 0 ante el l\u00edder de la zona.<\/p>\n<p>El pr\u00f3ximo encuentro ser\u00e1 ante V\u00e9lez Sarsfield en condici\u00f3n de visitante, con d\u00eda y horario a confirmar.<\/p>\n<p>La formaci\u00f3n inicial del equipo rafaelino fue con Florencia Franzoi; Ariadna Maidana, Evangelina Gianastacio, Camila Chiardola y Damaris Cravero; Martina Caffaro, Guadalupe Albornoz, M\u00eda Aquino y Camila Ju\u00e1rez; Agostina Alegre y Sheila Carrizo.<\/p>\n","protected":false},"excerpt":{"rendered":"<p>Por la fecha 15 de la Zona A de la Primera B de AFA, el femenino de Atl\u00e9tico de Rafaela<\/p>\n","protected":false},"author":2,"featured_media":68299,"comment_status":"closed","ping_status":"closed","sticky":false,"template":"","format":"standard","meta":{"footnotes":""},"categories":[31],"tags":[],"class_list":["post-68298","post","type-post","status-publish","format-standard","has-post-thumbnail","hentry","category-futbol-femenino"],"cc_featured_image_caption":{"caption_text":"FOTO PRENSA ATLETICO","source_text":"","source_url":""},"_links":{"self":[{"href":"https:\/\/todoapulmon-rafaela.com\/index.php\/wp-json\/wp\/v2\/posts\/68298"}],"collection":[{"href":"https:\/\/todoapulmon-rafaela.com\/index.php\/wp-json\/wp\/v2\/posts"}],"about":[{"href":"https:\/\/todoapulmon-rafaela.com\/index.php\/wp-json\/wp\/v2\/types\/post"}],"author":[{"embeddable":true,"href":"https:\/\/todoapulmon-rafaela.com\/index.php\/wp-json\/wp\/v2\/users\/2"}],"replies":[{"embeddable":true,"href":"https:\/\/todoapulmon-rafaela.com\/index.php\/wp-json\/wp\/v2\/comments?post=68298"}],"version-history":[{"count":1,"href":"https:\/\/todoapulmon-rafaela.com\/index.php\/wp-json\/wp\/v2\/posts\/68298\/revisions"}],"predecessor-version":[{"id":68300,"href":"https:\/\/todoapulmon-rafaela.com\/index.php\/wp-json\/wp\/v2\/posts\/68298\/revisions\/68300"}],"wp:featuredmedia":[{"embeddable":true,"href":"https:\/\/todoapulmon-rafaela.com\/index.php\/wp-json\/wp\/v2\/media\/68299"}],"wp:attachment":[{"href":"https:\/\/todoapulmon-rafaela.com\/index.php\/wp-json\/wp\/v2\/media?parent=68298"}],"wp:term":[{"taxonomy":"category","embeddable":true,"href":"https:\/\/todoapulmon-rafaela.com\/index.php\/wp-json\/wp\/v2\/categories?post=68298"},{"taxonomy":"post_tag","embeddable":true,"href":"https:\/\/todoapulmon-rafaela.com\/index.php\/wp-json\/wp\/v2\/tags?post=68298"}],"curies":[{"name":"wp","href":"https:\/\/api.w.org\/{rel}","templated":true}]}}