{"id":6661,"date":"2017-05-19T23:32:01","date_gmt":"2017-05-19T23:32:01","guid":{"rendered":"http:\/\/todoapulmon-rafaela.com\/?p=6661"},"modified":"2017-05-19T23:32:01","modified_gmt":"2017-05-19T23:32:01","slug":"omar-torres-va-por-el-quinto-ironman-3","status":"publish","type":"post","link":"https:\/\/todoapulmon-rafaela.com\/index.php\/2017\/05\/19\/omar-torres-va-por-el-quinto-ironman-3\/","title":{"rendered":"Omar Torres va por el quinto Ironman"},"content":{"rendered":"<p>El domingo 28 de mayo se estar\u00e1 realizando un nuevo Ironman en Florian\u00f3polis, Brasil. En la tradicional competencia volver\u00e1 a decir presente Omar Torres, representando al triatl\u00f3n de nuestra ciudad, intentando cumplir su quinta prueba de este nivel y la cuarta en \u201cFloripa\u201d.<\/p>\n<p>\u201cEstoy ya pr\u00e1cticamente en los \u00faltimos preparativos para el viaje, b\u00e1sicamente con la tarea realizada y esperando el momento de ir a competir en poco mas de una semana.\u00a0El objetivo principal en este tipo de pruebas es tratar de llegar y luego intentar bajar el tiempo del a\u00f1o pasado, que fue en condiciones cli\u00e1ticas muy malas. Por eso, si pudiera bajar las trece horas ser\u00eda el ideal\u201d, expres\u00f3 Torres este viernes en Todo a Pulm\u00f3n radio.<\/p>\n<p>Consultado sobre si hab\u00eda apuntado a alguna de las disciplinas en particular, en el objetivo de mejorar la performance, respondi\u00f3 que \u201che tratado de entrenar a conciencia y dentro de los l\u00edmites de mis posibilidades. He hecho una buena preparaci\u00f3n, concentrado en tratar de mejorar un poco en los tres aspectos, ya que este es un deporte combinado. En general creo que estoy con una buena preparaci\u00f3n, por lo que vamos con buenas expectativas, dentro de un objetivo principal que es terminar la prueba\u201d.<\/p>\n<p>El pasado\u00a0domingo 14, Omar Torres y su esposa Judith tomaron parte de los 21k de Rosario, en un momento especial que le permiti\u00f3 tambi\u00e9n hacer los \u00faltimos ajustes en el pedestrismo. \u201cFue una experiencia muy linda, Judith corri\u00f3 por primera vez los 21k, y cuando sali\u00f3 la posibilidad de correrla, no dud\u00e9 y decidimos hacerlo juntos. Lo disfrutamos y la pasamos muy bien\u201d, mencion\u00f3 el deportista que es referente del triatl\u00f3n en Rafaela.<\/p>\n<p>Este es el audio de la nota:<\/p>\n<!--[if lt IE 9]><script>document.createElement('audio');<\/script><![endif]-->\n<audio class=\"wp-audio-shortcode\" id=\"audio-6661-1\" preload=\"none\" style=\"width: 100%;\" controls=\"controls\"><source type=\"audio\/mpeg\" src=\"http:\/\/todoapulmon-rafaela.com\/wp-content\/uploads\/2017\/05\/19-5-17-OMAR.mp3?_=1\" \/><a href=\"http:\/\/todoapulmon-rafaela.com\/wp-content\/uploads\/2017\/05\/19-5-17-OMAR.mp3\">http:\/\/todoapulmon-rafaela.com\/wp-content\/uploads\/2017\/05\/19-5-17-OMAR.mp3<\/a><\/audio>\n<figure id=\"attachment_6656\" aria-describedby=\"caption-attachment-6656\" style=\"width: 300px\" class=\"wp-caption alignnone\"><img loading=\"lazy\" decoding=\"async\" class=\"size-medium wp-image-6656\" src=\"http:\/\/todoapulmon-rafaela.com\/wp-content\/uploads\/2017\/05\/18555883_1550977651611653_6756537858389544592_n-300x225.jpg\" alt=\"Omar y su esposa Judith fueron parte de los 21k en Rosario el domingo pasado.\" width=\"300\" height=\"225\" srcset=\"https:\/\/todoapulmon-rafaela.com\/wp-content\/uploads\/2017\/05\/18555883_1550977651611653_6756537858389544592_n-300x225.jpg 300w, https:\/\/todoapulmon-rafaela.com\/wp-content\/uploads\/2017\/05\/18555883_1550977651611653_6756537858389544592_n-768x576.jpg 768w, https:\/\/todoapulmon-rafaela.com\/wp-content\/uploads\/2017\/05\/18555883_1550977651611653_6756537858389544592_n.jpg 960w\" sizes=\"(max-width: 300px) 100vw, 300px\" \/><figcaption id=\"caption-attachment-6656\" class=\"wp-caption-text\">Omar y su esposa Judith fueron parte de los 21k en Rosario el domingo pasado.<\/figcaption><\/figure>\n","protected":false},"excerpt":{"rendered":"<p>El domingo 28 de mayo se estar\u00e1 realizando un nuevo Ironman en Florian\u00f3polis, Brasil. En la tradicional competencia volver\u00e1 a<\/p>\n","protected":false},"author":2,"featured_media":6655,"comment_status":"open","ping_status":"open","sticky":false,"template":"","format":"standard","meta":{"footnotes":""},"categories":[24,28],"tags":[],"class_list":["post-6661","post","type-post","status-publish","format-standard","has-post-thumbnail","hentry","category-noticias-destacadas","category-triatlon"],"cc_featured_image_caption":{"caption_text":"Omar se mostr\u00f3 satisfecho con la preparaci\u00f3n realizada rumbo a Florian\u00f3polis.","source_text":"","source_url":""},"_links":{"self":[{"href":"https:\/\/todoapulmon-rafaela.com\/index.php\/wp-json\/wp\/v2\/posts\/6661"}],"collection":[{"href":"https:\/\/todoapulmon-rafaela.com\/index.php\/wp-json\/wp\/v2\/posts"}],"about":[{"href":"https:\/\/todoapulmon-rafaela.com\/index.php\/wp-json\/wp\/v2\/types\/post"}],"author":[{"embeddable":true,"href":"https:\/\/todoapulmon-rafaela.com\/index.php\/wp-json\/wp\/v2\/users\/2"}],"replies":[{"embeddable":true,"href":"https:\/\/todoapulmon-rafaela.com\/index.php\/wp-json\/wp\/v2\/comments?post=6661"}],"version-history":[{"count":1,"href":"https:\/\/todoapulmon-rafaela.com\/index.php\/wp-json\/wp\/v2\/posts\/6661\/revisions"}],"predecessor-version":[{"id":6662,"href":"https:\/\/todoapulmon-rafaela.com\/index.php\/wp-json\/wp\/v2\/posts\/6661\/revisions\/6662"}],"wp:featuredmedia":[{"embeddable":true,"href":"https:\/\/todoapulmon-rafaela.com\/index.php\/wp-json\/wp\/v2\/media\/6655"}],"wp:attachment":[{"href":"https:\/\/todoapulmon-rafaela.com\/index.php\/wp-json\/wp\/v2\/media?parent=6661"}],"wp:term":[{"taxonomy":"category","embeddable":true,"href":"https:\/\/todoapulmon-rafaela.com\/index.php\/wp-json\/wp\/v2\/categories?post=6661"},{"taxonomy":"post_tag","embeddable":true,"href":"https:\/\/todoapulmon-rafaela.com\/index.php\/wp-json\/wp\/v2\/tags?post=6661"}],"curies":[{"name":"wp","href":"https:\/\/api.w.org\/{rel}","templated":true}]}}