{"id":6590,"date":"2017-05-17T16:55:07","date_gmt":"2017-05-17T16:55:07","guid":{"rendered":"http:\/\/todoapulmon-rafaela.com\/?p=6590"},"modified":"2017-05-17T16:55:07","modified_gmt":"2017-05-17T16:55:07","slug":"septimo-puesto-para-la-arv-en-el-provincial-sub-15","status":"publish","type":"post","link":"https:\/\/todoapulmon-rafaela.com\/index.php\/2017\/05\/17\/septimo-puesto-para-la-arv-en-el-provincial-sub-15\/","title":{"rendered":"S\u00e9ptimo puesto para la ARV en el Provincial Sub 15"},"content":{"rendered":"<p>El pasado fin de semana se realiz\u00f3, en las instalaciones del Club Atl\u00e9tico Libertad de San Jer\u00f3nimo Norte, el Torneo Interasociaciones Sub 15.<\/p>\n<p>En la rama femenina compitieron 8 selecciones asociativas, consagr\u00e1ndose campe\u00f3n la Asociaci\u00f3n de V\u00f3leibol del Noroeste Santafesino. All\u00ed, Bianca Bertolino (AVNOS) fue elegida la mejor jugadora del torneo.<\/p>\n<p>El seleccionado de la Asociaci\u00f3n Rafaelina se ubic\u00f3 en la s\u00e9ptima posici\u00f3n. En la fase clasificatoria perdi\u00f3 3 a 0 ante AVSOS, Rosario y AVNOS, mientras que en la jornada de cierre disputando la ronda del quinto al octavo puesto perdi\u00f3 por 3 a 1 ante Oeste Santafesino, para finalmente ganar en el \u00faltimo encuentro ante la Ca\u00f1andese por 3 a 0.<\/p>\n<p><span class=\"text_exposed_show\">El plantel estuvo compuesto por: Entrenadora: Yesica Rivero (Uni\u00f3n de Sunchales). Asistente: Juan Pablo Falc\u00f3n (Libertad de Sunchales).<br \/>\nJugadoras:\u00a0Camila Mu\u00f1oz (Libertad), Violeta Ambrogi (Atl\u00e9tico), Sabrina Leiva (Uni\u00f3n), Valentina Blanco (Uni\u00f3n), Jazmin Ver\u00f3n (Libertad), Camila Silva (9 de Julio), Julieta Portianka (Uni\u00f3n), Gina Banella (Uni\u00f3n), Angelina Tosello (Libertad), Julieta Hoffmann (Atl\u00e9tico), Sof\u00eda Ardissono (Uni\u00f3n), Rosario Esquivel (Libertad), Irina Obreg\u00f3n (Uni\u00f3n) y Angelina Bircher (Libertad).<\/span><\/p>\n<p>Por su parte, en la rama masculina participaron 4 seleccionados asociativos de la provincia. La Asociaci\u00f3n Santafesina de V\u00f3leibol\u00a0 obtuvo el primer lugar y Sebasti\u00e1n Cepeda (ASV) fue elegido el mejor jugador del campeonato.<\/p>\n","protected":false},"excerpt":{"rendered":"<p>El pasado fin de semana se realiz\u00f3, en las instalaciones del Club Atl\u00e9tico Libertad de San Jer\u00f3nimo Norte, el Torneo<\/p>\n","protected":false},"author":2,"featured_media":6591,"comment_status":"open","ping_status":"open","sticky":false,"template":"","format":"standard","meta":{"footnotes":""},"categories":[16],"tags":[],"class_list":["post-6590","post","type-post","status-publish","format-standard","has-post-thumbnail","hentry","category-voley"],"cc_featured_image_caption":{"caption_text":"Las chicas de la Asociaci\u00f3n Rafaelina en el torneo disputado en San Jer\u00f3nimo Norte.","source_text":"","source_url":""},"_links":{"self":[{"href":"https:\/\/todoapulmon-rafaela.com\/index.php\/wp-json\/wp\/v2\/posts\/6590"}],"collection":[{"href":"https:\/\/todoapulmon-rafaela.com\/index.php\/wp-json\/wp\/v2\/posts"}],"about":[{"href":"https:\/\/todoapulmon-rafaela.com\/index.php\/wp-json\/wp\/v2\/types\/post"}],"author":[{"embeddable":true,"href":"https:\/\/todoapulmon-rafaela.com\/index.php\/wp-json\/wp\/v2\/users\/2"}],"replies":[{"embeddable":true,"href":"https:\/\/todoapulmon-rafaela.com\/index.php\/wp-json\/wp\/v2\/comments?post=6590"}],"version-history":[{"count":1,"href":"https:\/\/todoapulmon-rafaela.com\/index.php\/wp-json\/wp\/v2\/posts\/6590\/revisions"}],"predecessor-version":[{"id":6592,"href":"https:\/\/todoapulmon-rafaela.com\/index.php\/wp-json\/wp\/v2\/posts\/6590\/revisions\/6592"}],"wp:featuredmedia":[{"embeddable":true,"href":"https:\/\/todoapulmon-rafaela.com\/index.php\/wp-json\/wp\/v2\/media\/6591"}],"wp:attachment":[{"href":"https:\/\/todoapulmon-rafaela.com\/index.php\/wp-json\/wp\/v2\/media?parent=6590"}],"wp:term":[{"taxonomy":"category","embeddable":true,"href":"https:\/\/todoapulmon-rafaela.com\/index.php\/wp-json\/wp\/v2\/categories?post=6590"},{"taxonomy":"post_tag","embeddable":true,"href":"https:\/\/todoapulmon-rafaela.com\/index.php\/wp-json\/wp\/v2\/tags?post=6590"}],"curies":[{"name":"wp","href":"https:\/\/api.w.org\/{rel}","templated":true}]}}