{"id":6554,"date":"2017-05-16T00:16:26","date_gmt":"2017-05-16T00:16:26","guid":{"rendered":"http:\/\/todoapulmon-rafaela.com\/?p=6554"},"modified":"2017-05-16T00:16:26","modified_gmt":"2017-05-16T00:16:26","slug":"destacada-labor-de-beltramo-y-grupo-en-la-cumbre-3","status":"publish","type":"post","link":"https:\/\/todoapulmon-rafaela.com\/index.php\/2017\/05\/16\/destacada-labor-de-beltramo-y-grupo-en-la-cumbre-3\/","title":{"rendered":"Destacada labor de Beltramo y grupo en La Cumbre"},"content":{"rendered":"<p>Una meritoria performance cumpli\u00f3 el reciente fin de semana la delegaci\u00f3n del Team Impacto Running de nuestra ciudad en La Cumbre, C\u00f3rdoba, donde se desarroll\u00f3 la competencia de trail running \u201cAltos de la Cumbre\u201d, en las distancias de 11 y 21 kil\u00f3metros.<\/p>\n<p>Claudio Beltramo, con un tiempo de 1h07m en 11 km (donde hubo 205 inscriptos) qued\u00f3 tercero en la clasificaci\u00f3n general y fue primero en su categor\u00eda.<\/p>\n<p>En tanto,\u00a0Sergio Parisi emple\u00f3 un tiempo de 1h30m,\u00a0Fabiana Aguirre 1h38, Juan Gagliardo 1h45m, Susana Breguy 3h, todos en 11.000 metros; mientras que Rodrigo Ghilardi tuvo una marca de 2h45m en los 21.000 metros (con 105 inscriptos), quedando bien ubicados dentro de sus respectivas categor\u00edas.<\/p>\n<p><img loading=\"lazy\" decoding=\"async\" class=\"alignnone size-medium wp-image-6547\" src=\"http:\/\/todoapulmon-rafaela.com\/wp-content\/uploads\/2017\/05\/Beltramo-y-grupo1-300x169.jpg\" alt=\"Beltramo y grupo1\" width=\"300\" height=\"169\" srcset=\"https:\/\/todoapulmon-rafaela.com\/wp-content\/uploads\/2017\/05\/Beltramo-y-grupo1-300x169.jpg 300w, https:\/\/todoapulmon-rafaela.com\/wp-content\/uploads\/2017\/05\/Beltramo-y-grupo1-768x432.jpg 768w, https:\/\/todoapulmon-rafaela.com\/wp-content\/uploads\/2017\/05\/Beltramo-y-grupo1-1024x576.jpg 1024w, https:\/\/todoapulmon-rafaela.com\/wp-content\/uploads\/2017\/05\/Beltramo-y-grupo1.jpg 1032w\" sizes=\"(max-width: 300px) 100vw, 300px\" \/><\/p>\n","protected":false},"excerpt":{"rendered":"<p>Una meritoria performance cumpli\u00f3 el reciente fin de semana la delegaci\u00f3n del Team Impacto Running de nuestra ciudad en La<\/p>\n","protected":false},"author":2,"featured_media":6546,"comment_status":"open","ping_status":"open","sticky":false,"template":"","format":"standard","meta":{"footnotes":""},"categories":[7],"tags":[],"class_list":["post-6554","post","type-post","status-publish","format-standard","has-post-thumbnail","hentry","category-atletismo"],"cc_featured_image_caption":{"caption_text":"El grupo del Team Impacto en La Cumbre.","source_text":"","source_url":""},"_links":{"self":[{"href":"https:\/\/todoapulmon-rafaela.com\/index.php\/wp-json\/wp\/v2\/posts\/6554"}],"collection":[{"href":"https:\/\/todoapulmon-rafaela.com\/index.php\/wp-json\/wp\/v2\/posts"}],"about":[{"href":"https:\/\/todoapulmon-rafaela.com\/index.php\/wp-json\/wp\/v2\/types\/post"}],"author":[{"embeddable":true,"href":"https:\/\/todoapulmon-rafaela.com\/index.php\/wp-json\/wp\/v2\/users\/2"}],"replies":[{"embeddable":true,"href":"https:\/\/todoapulmon-rafaela.com\/index.php\/wp-json\/wp\/v2\/comments?post=6554"}],"version-history":[{"count":1,"href":"https:\/\/todoapulmon-rafaela.com\/index.php\/wp-json\/wp\/v2\/posts\/6554\/revisions"}],"predecessor-version":[{"id":6555,"href":"https:\/\/todoapulmon-rafaela.com\/index.php\/wp-json\/wp\/v2\/posts\/6554\/revisions\/6555"}],"wp:featuredmedia":[{"embeddable":true,"href":"https:\/\/todoapulmon-rafaela.com\/index.php\/wp-json\/wp\/v2\/media\/6546"}],"wp:attachment":[{"href":"https:\/\/todoapulmon-rafaela.com\/index.php\/wp-json\/wp\/v2\/media?parent=6554"}],"wp:term":[{"taxonomy":"category","embeddable":true,"href":"https:\/\/todoapulmon-rafaela.com\/index.php\/wp-json\/wp\/v2\/categories?post=6554"},{"taxonomy":"post_tag","embeddable":true,"href":"https:\/\/todoapulmon-rafaela.com\/index.php\/wp-json\/wp\/v2\/tags?post=6554"}],"curies":[{"name":"wp","href":"https:\/\/api.w.org\/{rel}","templated":true}]}}