{"id":6531,"date":"2017-05-16T12:27:15","date_gmt":"2017-05-16T12:27:15","guid":{"rendered":"http:\/\/todoapulmon-rafaela.com\/?p=6531"},"modified":"2017-05-17T11:48:05","modified_gmt":"2017-05-17T11:48:05","slug":"importante-presencia-rafaelina-en-los-21k-de-rosario","status":"publish","type":"post","link":"https:\/\/todoapulmon-rafaela.com\/index.php\/2017\/05\/16\/importante-presencia-rafaelina-en-los-21k-de-rosario\/","title":{"rendered":"Importante presencia rafaelina en los 21k de Rosario"},"content":{"rendered":"<p>Se corri\u00f3 el domingo 14 de mayo la media marat\u00f3n de Rosario 2017 y en ella se registr\u00f3 el r\u00e9cord de la competencia con el triunfo de Mat\u00edas Roht, que gan\u00f3 la prueba adem\u00e1s con una amplia diferencia por sobre sus escoltas y registr\u00f3 la tercera mejor marca hist\u00f3rica argentina en la distancia. En damas, Rosa Godoy nuevamente se hizo del triunfo, tambi\u00e9n con amplia diferencia de tiempo por sobre el resto. M\u00e1s de 7.800 corredores se inscribieron entre los 21k y los 5k participativos.<\/p>\n<p>De nuestra ciudad se dieron cita muchos runners para disfrutar de uno de los eventos m\u00e1s destacados en el pa\u00eds en la distancia de 21k. Entre las mejores performances, cabe se\u00f1alar a Rodrigo Visconti (FIT Running), que ocup\u00f3 el puesto 80 de la general absoluta y qued\u00f3 21\u00ba en su categor\u00eda de 30 a 34 a\u00f1os; Germ\u00e1n Fern\u00e1ndez (Wayra Running Team), 105\u00ba y 26\u00ba en su categor\u00eda de 25 a 29 a\u00f1os, y Mart\u00edn Ch\u00e1vez, 113\u00ba y 27\u00ba en la divisi\u00f3n de 30 a 34 a\u00f1os.<\/p>\n<p><strong>VARONES<\/strong><\/p>\n<p><strong>1\u00b0: Matias Roht: 1:03:12<\/strong><br \/>\n<strong>2\u00b0: Julius Rono: 1:08:36<\/strong><br \/>\n<strong>3\u00b0: Cristian Meneguzzi: 1:09:07<\/strong><\/p>\n<p><strong>DAMAS:<\/strong><\/p>\n<p><strong>1\u00b0: Rosa Godoy: 1:17:44<\/strong><br \/>\n<strong>2\u00b0: Laura Kyte: 1:21:01<\/strong><br \/>\n<strong>3\u00b0: Raquel Maraviglia: 1:21:31<\/strong><\/p>\n<p>LOS RAFAELINOS<\/p>\n<p>Mencionamos a quienes finalizaron entre los primeros 1.000 de la clasificaci\u00f3n general:<\/p>\n<p>Rodrigo Visconti: tiempo de 1h21m25s y 21\u00ba en su categor\u00eda.<\/p>\n<p>Germ\u00e1n Fernandez: tiempo de 1h22m34s y 26\u00ba en su categor\u00eda.<\/p>\n<p>Mart\u00edn Chavez: tiempo de 1h2259s y 27\u00ba en su categor\u00eda.<\/p>\n<p>Ignacio Chianalino: tiempo de 1h24m01s y 19\u00ba en su categor\u00eda.<\/p>\n<p>Ariel Torres: tiempo de 1h27m44s y 49\u00ba en su categor\u00eda.<\/p>\n<p>Fabi\u00e1n Llompart: tiempo de 1h27m45s y 22\u00ba en su categor\u00eda.<\/p>\n<p>Domingo Ponce: tiempo de 1h29m7s y 31\u00ba en su categor\u00eda.<\/p>\n<p>Javier Diaz: tiempo de 1h29m50s y 67\u00ba en su categor\u00eda.<\/p>\n<p>Tom\u00e1s Vietto: tiempo de 1h30m15s y 66\u00ba en su categor\u00eda.<\/p>\n<p>Alejandro Gianelli: tiempo de 1h30m23s y 60\u00ba en su categor\u00eda.<\/p>\n<p>Maximiliano Vaillard: tiempo de 1h3om35s y 80\u00ba en su categor\u00eda.<\/p>\n<p>Gonzalo Armando: tiempo de 1h31m2s y 81\u00ba en su categor\u00eda.<\/p>\n<p>Marcelo Fiorito: tiempo de 1h33m19s y 92\u00ba en su categor\u00eda.<\/p>\n<p>Fernando Yost: tiempo de 1h33m22s y 93\u00ba en su categor\u00eda.<\/p>\n<p>Hermas Culzoni: tiempo de 1h35m08s y 121\u00ba en su categor\u00eda.<\/p>\n<p>Diego Valiente: tiempo de 1h35m47 y 104\u00ba en su categor\u00eda.<\/p>\n<p>Alejandro Torres: tiempo de 1h37m43s y 123 en su categor\u00eda.<\/p>\n<p>Diego Jappert: tiempo de 1h38m5s y 128\u00ba en su categor\u00eda.<\/p>\n<p>Enzo Aguirre: tiempo de 1h38m25s y 102 en su categor\u00eda.<\/p>\n<p>Alejandro Borgnino: tiempo de 1h38m50 y 104 en su categor\u00eda.<\/p>\n<p>Ramiro Farias: tiempo de 1h38m50s y 144\u00ba en su categor\u00eda.<\/p>\n<p>En la rama femenina cabe destacar la performance de Cristina G\u00f3mez D\u00edaz, que con un tiempo de 1h44m22s obtuvo el quinto puesto en su categor\u00eda.<\/p>\n<p>&nbsp;<\/p>\n","protected":false},"excerpt":{"rendered":"<p>Se corri\u00f3 el domingo 14 de mayo la media marat\u00f3n de Rosario 2017 y en ella se registr\u00f3 el r\u00e9cord<\/p>\n","protected":false},"author":2,"featured_media":6566,"comment_status":"open","ping_status":"open","sticky":false,"template":"","format":"standard","meta":{"footnotes":""},"categories":[7,24],"tags":[],"class_list":["post-6531","post","type-post","status-publish","format-standard","has-post-thumbnail","hentry","category-atletismo","category-noticias-destacadas"],"cc_featured_image_caption":{"caption_text":"Rodrigo Visconti y Germ\u00e1n Fernandez en un pasaje de la prueba (foto Laptime).","source_text":"","source_url":""},"_links":{"self":[{"href":"https:\/\/todoapulmon-rafaela.com\/index.php\/wp-json\/wp\/v2\/posts\/6531"}],"collection":[{"href":"https:\/\/todoapulmon-rafaela.com\/index.php\/wp-json\/wp\/v2\/posts"}],"about":[{"href":"https:\/\/todoapulmon-rafaela.com\/index.php\/wp-json\/wp\/v2\/types\/post"}],"author":[{"embeddable":true,"href":"https:\/\/todoapulmon-rafaela.com\/index.php\/wp-json\/wp\/v2\/users\/2"}],"replies":[{"embeddable":true,"href":"https:\/\/todoapulmon-rafaela.com\/index.php\/wp-json\/wp\/v2\/comments?post=6531"}],"version-history":[{"count":6,"href":"https:\/\/todoapulmon-rafaela.com\/index.php\/wp-json\/wp\/v2\/posts\/6531\/revisions"}],"predecessor-version":[{"id":6588,"href":"https:\/\/todoapulmon-rafaela.com\/index.php\/wp-json\/wp\/v2\/posts\/6531\/revisions\/6588"}],"wp:featuredmedia":[{"embeddable":true,"href":"https:\/\/todoapulmon-rafaela.com\/index.php\/wp-json\/wp\/v2\/media\/6566"}],"wp:attachment":[{"href":"https:\/\/todoapulmon-rafaela.com\/index.php\/wp-json\/wp\/v2\/media?parent=6531"}],"wp:term":[{"taxonomy":"category","embeddable":true,"href":"https:\/\/todoapulmon-rafaela.com\/index.php\/wp-json\/wp\/v2\/categories?post=6531"},{"taxonomy":"post_tag","embeddable":true,"href":"https:\/\/todoapulmon-rafaela.com\/index.php\/wp-json\/wp\/v2\/tags?post=6531"}],"curies":[{"name":"wp","href":"https:\/\/api.w.org\/{rel}","templated":true}]}}