{"id":65057,"date":"2026-05-01T23:09:13","date_gmt":"2026-05-01T23:09:13","guid":{"rendered":"https:\/\/todoapulmon-rafaela.com\/?p=65057"},"modified":"2026-05-01T23:09:13","modified_gmt":"2026-05-01T23:09:13","slug":"fue-designado-el-equipo-argentino-de-atletismo-para-el-iberoamericano-de-mayores","status":"publish","type":"post","link":"https:\/\/todoapulmon-rafaela.com\/index.php\/2026\/05\/01\/fue-designado-el-equipo-argentino-de-atletismo-para-el-iberoamericano-de-mayores\/","title":{"rendered":"Fue designado el equipo argentino de atletismo para el Iberoamericano de mayores"},"content":{"rendered":"<p>Del 29 al 31 de mayo se realizar\u00e1 en la pista del complejo La Videna, en Lima (Per\u00fa), el campeonato Iberoamericano de atletismo de mayores, competencia que concentra a representantes de pa\u00edses de habla hispana del continente m\u00e1s espa\u00f1oles y portugueses.<\/p>\n<p>La CADA destac\u00f3 que \u00abatento a las actuales dificultades econ\u00f3micas para la participaci\u00f3n en las competencias\u00a0internacionales, se ha procedido a una designaci\u00f3n acotada de veintinueve atletas y seis oficiales\u00bb.<\/p>\n<p><strong>EL EQUIPO<\/strong><\/p>\n<p><strong>Varones<\/strong><br \/>\nJoaqu\u00edn G\u00f3mez (martillo)<br \/>\nEli\u00e1n Larregina (400, 4&#215;400 y 4&#215;400 m)<br \/>\nDiego Lacamoire (1500)<br \/>\nBruno de Genaro (400 c\/v y 4&#215;400)<br \/>\nJuan Ignacio Ciampitti (4&#215;100 y 200)<br \/>\nTom\u00e1s Villegas (4&#215;100, 4&#215;100 m y 100)<br \/>\nLucas Villegas (4&#215;100, 4x100m y 100)<br \/>\nDaniel Londero (4&#215;100)<br \/>\nAgust\u00edn Pinti (4&#215;400, 4x400m y 4&#215;100)<br \/>\nFrancisco Ferrecio (110 c\/v)<br \/>\nEsteban Vouilloz (martillo)<br \/>\nManuel Robles (4&#215;400 y 4x400m)<br \/>\nSantiago Barberia (alto)<br \/>\nMart\u00edn Saavedra (largo)<br \/>\nManuel Rojas Landaburu (1500)<br \/>\nJuan Manuel Cano (10000 marcha)<br \/>\nFranco Peid\u00f3n (800)<br \/>\nNazareno Melgarejo (triple)<br \/>\nRenzo Cremaschi (110v)<\/p>\n<p><strong>Damas<\/strong><br \/>\nMicaela Levaggi (1500, 5000)<br \/>\nBel\u00e9n Casetta (3000 c\/o)<br \/>\nN\u00e9lida Pe\u00f1aflor (10000)<br \/>\nFlorencia Lamboglia (4x100m, 4x400m,\u00a0400)<br \/>\nNoelia Mart\u00ednez (4&#215;100,\u00a04&#215;400 m)<br \/>\nMilagros D\u00b4Amico (4&#215;100, 4&#215;100 m)<br \/>\nGiuliana Baigorria (martillo)<br \/>\nCarolina Scarponi (garrocha)<br \/>\nGuillermina Cossio (4&#215;100 y 4&#215;100 m)<br \/>\nVictoria Olives (800)<\/p>\n<p><strong>Cuerpo t\u00e9cnico<\/strong><br \/>\nManuel M\u00e9ndez (presidente de delegaci\u00f3n)<br \/>\nCarlos Visentini (jefe t\u00e9cnico y entrenador de saltos)<br \/>\nDaniel Diaz (entrenador de velocidad, vallas y relevos)<br \/>\nLeonardo Malgor (entrenador de medio fondo, fondo y marcha)<br \/>\nDaniel G\u00f3mez (entrenador de lanzamientos)<br \/>\nLaura Tallano (psic\u00f3loga y oficial de salvaguarda).<\/p>\n","protected":false},"excerpt":{"rendered":"<p>Del 29 al 31 de mayo se realizar\u00e1 en la pista del complejo La Videna, en Lima (Per\u00fa), el campeonato<\/p>\n","protected":false},"author":2,"featured_media":58357,"comment_status":"closed","ping_status":"closed","sticky":false,"template":"","format":"standard","meta":{"footnotes":""},"categories":[7,24],"tags":[],"class_list":["post-65057","post","type-post","status-publish","format-standard","has-post-thumbnail","hentry","category-atletismo","category-noticias-destacadas"],"cc_featured_image_caption":{"caption_text":"Eli\u00e1n Larregina, una de las principales opciones a medalla.","source_text":"","source_url":""},"_links":{"self":[{"href":"https:\/\/todoapulmon-rafaela.com\/index.php\/wp-json\/wp\/v2\/posts\/65057"}],"collection":[{"href":"https:\/\/todoapulmon-rafaela.com\/index.php\/wp-json\/wp\/v2\/posts"}],"about":[{"href":"https:\/\/todoapulmon-rafaela.com\/index.php\/wp-json\/wp\/v2\/types\/post"}],"author":[{"embeddable":true,"href":"https:\/\/todoapulmon-rafaela.com\/index.php\/wp-json\/wp\/v2\/users\/2"}],"replies":[{"embeddable":true,"href":"https:\/\/todoapulmon-rafaela.com\/index.php\/wp-json\/wp\/v2\/comments?post=65057"}],"version-history":[{"count":1,"href":"https:\/\/todoapulmon-rafaela.com\/index.php\/wp-json\/wp\/v2\/posts\/65057\/revisions"}],"predecessor-version":[{"id":65058,"href":"https:\/\/todoapulmon-rafaela.com\/index.php\/wp-json\/wp\/v2\/posts\/65057\/revisions\/65058"}],"wp:featuredmedia":[{"embeddable":true,"href":"https:\/\/todoapulmon-rafaela.com\/index.php\/wp-json\/wp\/v2\/media\/58357"}],"wp:attachment":[{"href":"https:\/\/todoapulmon-rafaela.com\/index.php\/wp-json\/wp\/v2\/media?parent=65057"}],"wp:term":[{"taxonomy":"category","embeddable":true,"href":"https:\/\/todoapulmon-rafaela.com\/index.php\/wp-json\/wp\/v2\/categories?post=65057"},{"taxonomy":"post_tag","embeddable":true,"href":"https:\/\/todoapulmon-rafaela.com\/index.php\/wp-json\/wp\/v2\/tags?post=65057"}],"curies":[{"name":"wp","href":"https:\/\/api.w.org\/{rel}","templated":true}]}}