{"id":65050,"date":"2026-05-01T15:12:20","date_gmt":"2026-05-01T15:12:20","guid":{"rendered":"https:\/\/todoapulmon-rafaela.com\/?p=65050"},"modified":"2026-05-01T15:12:20","modified_gmt":"2026-05-01T15:12:20","slug":"roberto-vivas-asumio-como-presidente-de-la-subcomision-de-tenis-de-atletico-de-rafaela","status":"publish","type":"post","link":"https:\/\/todoapulmon-rafaela.com\/index.php\/2026\/05\/01\/roberto-vivas-asumio-como-presidente-de-la-subcomision-de-tenis-de-atletico-de-rafaela\/","title":{"rendered":"Roberto Vivas asumi\u00f3 como presidente de la Subcomisi\u00f3n de Tenis de Atl\u00e9tico de Rafaela"},"content":{"rendered":"<p>El tenis del Club Atl\u00e9tico de Rafaela inicia una nueva etapa institucional con la asunci\u00f3n de Roberto Vivas como presidente de la Subcomisi\u00f3n de Tenis, cargo que comenz\u00f3 a ejercer formalmente este 1\u00b0 de mayo. La designaci\u00f3n marca el inicio de un proyecto que buscar\u00e1 fortalecer la disciplina desde sus bases, con una mirada integral que combina desarrollo deportivo, mejoras en infraestructura y proyecci\u00f3n competitiva.<\/p>\n<p>Vivas llega a esta responsabilidad con un fuerte arraigo en el tenis, construido a lo largo de a\u00f1os de acompa\u00f1amiento en el circuito y de participaci\u00f3n activa en el desarrollo de la disciplina. Su v\u00ednculo con el deporte se remonta a los inicios de su hija, la tenista rafaelina Sof\u00eda Vivas, a quien ha acompa\u00f1ado durante gran parte de su carrera.<br \/>\n\u201cVengo del tenis hace muchos a\u00f1os. Desde que mi hija ten\u00eda cinco a\u00f1os estoy en este ambiente, recorriendo torneos y compartiendo experiencias en distintos lugares del pa\u00eds\u201d, expres\u00f3, destacando una trayectoria que lo llev\u00f3 a conocer en profundidad el circuito competitivo, desde torneos regionales hasta competencias en distintos puntos de Argentina y pa\u00edses vecinos.<\/p>\n<p>La nueva subcomisi\u00f3n que encabeza est\u00e1 integrada por personas estrechamente vinculadas al tenis, ya sea desde la pr\u00e1ctica o desde el acompa\u00f1amiento a j\u00f3venes deportistas. \u201cSomos toda gente del tenis, que viene del tenis. Eso es importante porque conocemos la actividad y sabemos lo que hace falta\u201d, se\u00f1al\u00f3.<br \/>\nEn ese sentido, el dirigente remarc\u00f3 que el desaf\u00edo es amplio y abarca m\u00faltiples dimensiones. \u201cHay mucho para hacer y para trabajar, no solo en lo edilicio, sino tambi\u00e9n en todo lo que refiere al desarrollo del tenis\u201d, sostuvo, adelantando que uno de los ejes ser\u00e1 la mejora de las instalaciones y de las condiciones de entrenamiento.<\/p>\n<p>Entre los proyectos que se encuentran en carpeta, se destacan la refacci\u00f3n de infraestructura, la optimizaci\u00f3n de canchas y la posibilidad de incorporar una cancha r\u00e1pida, lo que representar\u00eda un avance significativo para la ciudad. Adem\u00e1s, la intenci\u00f3n es posicionar al club como sede de competencias de mayor nivel. \u201cQueremos traer torneos nacionales a Rafaela y que el tenis del club est\u00e9 entre los mejores de la provincia\u201d, afirm\u00f3.<\/p>\n<p>La gesti\u00f3n, que agradeci\u00f3 esta oportunidad al Presidente de la Instituci\u00f3n cremosa, Francisco Paravano, tambi\u00e9n apunta a consolidar el acompa\u00f1amiento del sector privado y generar v\u00ednculos que permitan sostener el crecimiento de la disciplina. En ese aspecto, Vivas valor\u00f3 el inter\u00e9s de sponsors en sumarse al proyecto, lo que permitir\u00e1 potenciar las acciones previstas.<\/p>\n<p>Con experiencia previa en el \u00e1mbito institucional \u2014donde se desempe\u00f1\u00f3 en la conducci\u00f3n de la Bancaria de Rafaela\u2014, actualmente es el secretario general adjunto de la Asociaci\u00f3n e integra del Directorio del Banco de Santa Fe. Hoy asume este nuevo rol con una visi\u00f3n clara y un fuerte compromiso. \u201cVamos a trabajar duro para llevar al tenis de Atl\u00e9tico a lo m\u00e1s alto de la provincia\u201d, asegur\u00f3.<\/p>\n<p>Finalmente, destac\u00f3 la importancia del trabajo colectivo y la apertura a la comunidad. \u201cLas puertas est\u00e1n abiertas para todos los que quieran aportar y trabajar para mejorar el tenis del club. El acompa\u00f1amiento es fundamental\u201d, concluy\u00f3.<br \/>\nCon una conducci\u00f3n renovada, un equipo comprometido y objetivos definidos, el tenis de Atl\u00e9tico de Rafaela comienza a transitar una etapa que busca consolidar su crecimiento y proyectarse con fuerza dentro del escenario deportivo regional y nacional.<\/p>\n","protected":false},"excerpt":{"rendered":"<p>El tenis del Club Atl\u00e9tico de Rafaela inicia una nueva etapa institucional con la asunci\u00f3n de Roberto Vivas como presidente<\/p>\n","protected":false},"author":2,"featured_media":65051,"comment_status":"closed","ping_status":"closed","sticky":false,"template":"","format":"standard","meta":{"footnotes":""},"categories":[24,6],"tags":[],"class_list":["post-65050","post","type-post","status-publish","format-standard","has-post-thumbnail","hentry","category-noticias-destacadas","category-tenis"],"cc_featured_image_caption":{"caption_text":"\u201cHay mucho para hacer y para trabajar, no solo en lo edilicio, sino tambi\u00e9n en todo lo que refiere al desarrollo del tenis\u201d, sostuvo Vivas.","source_text":"","source_url":""},"_links":{"self":[{"href":"https:\/\/todoapulmon-rafaela.com\/index.php\/wp-json\/wp\/v2\/posts\/65050"}],"collection":[{"href":"https:\/\/todoapulmon-rafaela.com\/index.php\/wp-json\/wp\/v2\/posts"}],"about":[{"href":"https:\/\/todoapulmon-rafaela.com\/index.php\/wp-json\/wp\/v2\/types\/post"}],"author":[{"embeddable":true,"href":"https:\/\/todoapulmon-rafaela.com\/index.php\/wp-json\/wp\/v2\/users\/2"}],"replies":[{"embeddable":true,"href":"https:\/\/todoapulmon-rafaela.com\/index.php\/wp-json\/wp\/v2\/comments?post=65050"}],"version-history":[{"count":1,"href":"https:\/\/todoapulmon-rafaela.com\/index.php\/wp-json\/wp\/v2\/posts\/65050\/revisions"}],"predecessor-version":[{"id":65052,"href":"https:\/\/todoapulmon-rafaela.com\/index.php\/wp-json\/wp\/v2\/posts\/65050\/revisions\/65052"}],"wp:featuredmedia":[{"embeddable":true,"href":"https:\/\/todoapulmon-rafaela.com\/index.php\/wp-json\/wp\/v2\/media\/65051"}],"wp:attachment":[{"href":"https:\/\/todoapulmon-rafaela.com\/index.php\/wp-json\/wp\/v2\/media?parent=65050"}],"wp:term":[{"taxonomy":"category","embeddable":true,"href":"https:\/\/todoapulmon-rafaela.com\/index.php\/wp-json\/wp\/v2\/categories?post=65050"},{"taxonomy":"post_tag","embeddable":true,"href":"https:\/\/todoapulmon-rafaela.com\/index.php\/wp-json\/wp\/v2\/tags?post=65050"}],"curies":[{"name":"wp","href":"https:\/\/api.w.org\/{rel}","templated":true}]}}