{"id":65039,"date":"2026-04-30T23:15:48","date_gmt":"2026-04-30T23:15:48","guid":{"rendered":"https:\/\/todoapulmon-rafaela.com\/?p=65039"},"modified":"2026-04-30T23:15:48","modified_gmt":"2026-04-30T23:15:48","slug":"se-viene-el-desafio-del-rio-pinto-con-varios-rafaelinos","status":"publish","type":"post","link":"https:\/\/todoapulmon-rafaela.com\/index.php\/2026\/04\/30\/se-viene-el-desafio-del-rio-pinto-con-varios-rafaelinos\/","title":{"rendered":"Se viene el Desaf\u00edo del R\u00edo Pinto con varios rafaelinos"},"content":{"rendered":"<div class=\"prose prose-xl rounded-20 mb-4 overflow-hidden text-lg\">\n<p class=\"first-paragraph\">\u00a0El Valle de Punilla, en C\u00f3rdoba, se prepara para vivir un intenso fin de semana con una nueva edici\u00f3n del <strong><em>Desaf\u00edo del R\u00edo Pinto<\/em><\/strong>, la reconocida competencia de ciclismo de monta\u00f1a que tendr\u00e1 en su trig\u00e9sima edici\u00f3n como epicentro la localidad de <strong><em>La Cumbre<\/em><\/strong>.<\/p>\n<\/div>\n<div class=\"prose prose-xl rounded-20 mb-4 overflow-hidden text-lg\">\n<p>La actividad se desarrollar\u00e1 desde el<strong><em>\u00a0viernes 1 hasta el domingo 3 de mayo<\/em><\/strong>, con su momento central el domingo a las 8 de la ma\u00f1ana, cuando se ponga en marcha la carrera principal. En esta edici\u00f3n,<strong><em> m\u00e1s de 6.000 corredores<\/em><\/strong>\u00a0formar\u00e1n parte del desaf\u00edo, consolidando su lugar como una de las pruebas\u00a0<strong><em>m\u00e1s convocantes de Latinoam\u00e9rica<\/em><\/strong>. De hecho m\u00e1s de un centenar son del exterior.<\/p>\n<p>Rafaela es una de las ciudades que marca presencia en cada cita de esta exigente prueba. En el listado de preinscriptos figuran 22 de nuestra ciudad, pero tambi\u00e9n varios de localidades aleda\u00f1as. En cuanto a la provincia, Santa Fe tiene 382 anotados, siendo Buenos Aires con 1.925 la m\u00e1s numerosa, inclusivo por encima de la propia C\u00f3rdoba que tiene 1.621.<\/p>\n<article class=\"article-body article-body--fifth-paragraph\">\n<p id=\"p-1777493778410-48212\">El circuito principal se extiende este a\u00f1o a unos 85 kil\u00f3metros, con largada y llegada en el mismo punto. El trazado recorre el valle del R\u00edo Pinto, atraviesa sectores como San Marcos Sierras, el mirador, el perilago del dique El Caj\u00f3n y zonas cercanas a Capilla del Monte, para luego regresar por San Esteban hacia La Cumbre.<\/p>\n<\/article>\n<article class=\"article-body article-body--third-paragraph\">\n<p id=\"p-1777493778410-89525\">La exigencia es alta, tanto por la distancia como por la altimetr\u00eda y los distintos tipos de terreno. Los ciclistas profesionales completan el recorrido en cerca de tres horas, mientras que el resto de los participantes lo enfrenta como un desaf\u00edo personal.<\/p>\n<\/article>\n<\/div>\n","protected":false},"excerpt":{"rendered":"<p>\u00a0El Valle de Punilla, en C\u00f3rdoba, se prepara para vivir un intenso fin de semana con una nueva edici\u00f3n del<\/p>\n","protected":false},"author":2,"featured_media":65040,"comment_status":"closed","ping_status":"closed","sticky":false,"template":"","format":"standard","meta":{"footnotes":""},"categories":[4,24],"tags":[],"class_list":["post-65039","post","type-post","status-publish","format-standard","has-post-thumbnail","hentry","category-ciclismo","category-noticias-destacadas"],"cc_featured_image_caption":{"caption_text":"","source_text":"","source_url":""},"_links":{"self":[{"href":"https:\/\/todoapulmon-rafaela.com\/index.php\/wp-json\/wp\/v2\/posts\/65039"}],"collection":[{"href":"https:\/\/todoapulmon-rafaela.com\/index.php\/wp-json\/wp\/v2\/posts"}],"about":[{"href":"https:\/\/todoapulmon-rafaela.com\/index.php\/wp-json\/wp\/v2\/types\/post"}],"author":[{"embeddable":true,"href":"https:\/\/todoapulmon-rafaela.com\/index.php\/wp-json\/wp\/v2\/users\/2"}],"replies":[{"embeddable":true,"href":"https:\/\/todoapulmon-rafaela.com\/index.php\/wp-json\/wp\/v2\/comments?post=65039"}],"version-history":[{"count":1,"href":"https:\/\/todoapulmon-rafaela.com\/index.php\/wp-json\/wp\/v2\/posts\/65039\/revisions"}],"predecessor-version":[{"id":65041,"href":"https:\/\/todoapulmon-rafaela.com\/index.php\/wp-json\/wp\/v2\/posts\/65039\/revisions\/65041"}],"wp:featuredmedia":[{"embeddable":true,"href":"https:\/\/todoapulmon-rafaela.com\/index.php\/wp-json\/wp\/v2\/media\/65040"}],"wp:attachment":[{"href":"https:\/\/todoapulmon-rafaela.com\/index.php\/wp-json\/wp\/v2\/media?parent=65039"}],"wp:term":[{"taxonomy":"category","embeddable":true,"href":"https:\/\/todoapulmon-rafaela.com\/index.php\/wp-json\/wp\/v2\/categories?post=65039"},{"taxonomy":"post_tag","embeddable":true,"href":"https:\/\/todoapulmon-rafaela.com\/index.php\/wp-json\/wp\/v2\/tags?post=65039"}],"curies":[{"name":"wp","href":"https:\/\/api.w.org\/{rel}","templated":true}]}}