{"id":65031,"date":"2026-04-30T19:41:14","date_gmt":"2026-04-30T19:41:14","guid":{"rendered":"https:\/\/todoapulmon-rafaela.com\/?p=65031"},"modified":"2026-04-30T19:41:14","modified_gmt":"2026-04-30T19:41:14","slug":"empiezan-los-federativos-de-dos-categorias-femeninas","status":"publish","type":"post","link":"https:\/\/todoapulmon-rafaela.com\/index.php\/2026\/04\/30\/empiezan-los-federativos-de-dos-categorias-femeninas\/","title":{"rendered":"Empiezan los Federativos de dos categor\u00edas femeninas"},"content":{"rendered":"<p>Este s\u00e1bado 2 de mayo empezar\u00e1n los Federativos de Clubes de dos categor\u00edas Femeninas: U15 y U21, con varios equipos de la ARB.<\/p>\n<p>Esta es la programaci\u00f3n:<\/p>\n<p><strong>CATEGOR\u00cdA CADETES \u2013 S\u00e1bado 2 de mayo<\/strong><\/p>\n<p><strong>En el Enzo Scocco (Alma Juniors) \u2013 Grupo 1<br \/>\n<\/strong>9.30 Alma Juniors vs. San Lorenzo (Tostado)<br \/>\n14.30 Racing (San Crist\u00f3bal) vs. San Lorenzo<br \/>\n18.30 Alma Juniors vs. Racing (SC)<\/p>\n<p><strong>En el Hogar de los Tigres (Libertad) \u2013 Grupo 2<br \/>\n<\/strong>9.30 Libertad vs. Sportivo Villa Minetti<br \/>\n14.30 Sportivo vs. Almagro<br \/>\n18.30 Libertad vs. Almagro<\/p>\n<p><strong>En el Coliseo del Sur (Ben Hur) \u2013 Grupo 3<br \/>\n<\/strong>9.30 Ben Hur vs. Gimnasia (SF)<br \/>\n14.30 Gimnasia vs. Independiente (Ataliva)<br \/>\n18.30 Ben Hur vs. Independiente<\/p>\n<p><strong>En el Pay Zum\u00e9 (CUST) \u2013 Grupo 4<br \/>\n<\/strong>9.30 CUST vs. Uni\u00f3n (Sunchales)<br \/>\n14.30 Independiente (Rafaela) vs. Uni\u00f3n (Sunchales)<br \/>\n18.30 CUST vs. Independiente.<\/p>\n<p><strong>CATEGOR\u00cdA LIGA PR\u00d3XIMO \u2013 S\u00e1bado 2 de mayo<\/strong><\/p>\n<p><strong>En el Gigante de la Villa (Atl\u00e9tico Tostado) \u2013 Grupo 1<br \/>\n<\/strong>10.00 Atl\u00e9tico Tostado vs. Alma Juniors<br \/>\n14.30 Alma Juniors vs. Libertad (Sunchales)<br \/>\n18.30 Atl\u00e9tico Tostado vs. Libertad.<\/p>\n<p><strong>En Granadero Baigorria (Paganini) &#8211; Grupo 2<\/strong><\/p>\n<p>9.30 Paganini Alumni vs. N\u00e1utico S. Avellaneda<\/p>\n<p>15.30 Ben Hur vs N\u00e1utico de Rosario<br \/>\n19.30 Ben Hur vs Paganini Alumni de G. Baigorria.<\/p>\n","protected":false},"excerpt":{"rendered":"<p>Este s\u00e1bado 2 de mayo empezar\u00e1n los Federativos de Clubes de dos categor\u00edas Femeninas: U15 y U21, con varios equipos<\/p>\n","protected":false},"author":2,"featured_media":65032,"comment_status":"closed","ping_status":"closed","sticky":false,"template":"","format":"standard","meta":{"footnotes":""},"categories":[5],"tags":[],"class_list":["post-65031","post","type-post","status-publish","format-standard","has-post-thumbnail","hentry","category-basquet"],"cc_featured_image_caption":{"caption_text":"Independiente de Ataliva","source_text":"","source_url":""},"_links":{"self":[{"href":"https:\/\/todoapulmon-rafaela.com\/index.php\/wp-json\/wp\/v2\/posts\/65031"}],"collection":[{"href":"https:\/\/todoapulmon-rafaela.com\/index.php\/wp-json\/wp\/v2\/posts"}],"about":[{"href":"https:\/\/todoapulmon-rafaela.com\/index.php\/wp-json\/wp\/v2\/types\/post"}],"author":[{"embeddable":true,"href":"https:\/\/todoapulmon-rafaela.com\/index.php\/wp-json\/wp\/v2\/users\/2"}],"replies":[{"embeddable":true,"href":"https:\/\/todoapulmon-rafaela.com\/index.php\/wp-json\/wp\/v2\/comments?post=65031"}],"version-history":[{"count":1,"href":"https:\/\/todoapulmon-rafaela.com\/index.php\/wp-json\/wp\/v2\/posts\/65031\/revisions"}],"predecessor-version":[{"id":65033,"href":"https:\/\/todoapulmon-rafaela.com\/index.php\/wp-json\/wp\/v2\/posts\/65031\/revisions\/65033"}],"wp:featuredmedia":[{"embeddable":true,"href":"https:\/\/todoapulmon-rafaela.com\/index.php\/wp-json\/wp\/v2\/media\/65032"}],"wp:attachment":[{"href":"https:\/\/todoapulmon-rafaela.com\/index.php\/wp-json\/wp\/v2\/media?parent=65031"}],"wp:term":[{"taxonomy":"category","embeddable":true,"href":"https:\/\/todoapulmon-rafaela.com\/index.php\/wp-json\/wp\/v2\/categories?post=65031"},{"taxonomy":"post_tag","embeddable":true,"href":"https:\/\/todoapulmon-rafaela.com\/index.php\/wp-json\/wp\/v2\/tags?post=65031"}],"curies":[{"name":"wp","href":"https:\/\/api.w.org\/{rel}","templated":true}]}}