{"id":65011,"date":"2026-04-30T16:27:57","date_gmt":"2026-04-30T16:27:57","guid":{"rendered":"https:\/\/todoapulmon-rafaela.com\/?p=65011"},"modified":"2026-04-30T16:27:57","modified_gmt":"2026-04-30T16:27:57","slug":"el-seleccionado-u17-de-la-arb-esta-listo-para-el-provincial","status":"publish","type":"post","link":"https:\/\/todoapulmon-rafaela.com\/index.php\/2026\/04\/30\/el-seleccionado-u17-de-la-arb-esta-listo-para-el-provincial\/","title":{"rendered":"El seleccionado U17 de la ARB est\u00e1 listo para el Provincial"},"content":{"rendered":"<p><strong>El Campeonato Provincial Interasociaciones Juveniles (U17) Masculino\u00a0<\/strong>se jugar\u00e1 este fin de semana en Marcos Ju\u00e1rez, organizado por la Asociaci\u00f3n Ca\u00f1adense.<\/p>\n<p>En la Zona A competir\u00e1n Rosarina, Oeste, Rafaelina y Reconquistense, mientras que en la Zona B lo har\u00e1n Santafesina, Ca\u00f1adense, Venadense y Noroeste.<\/p>\n<p>El debut del equipo de la ARB ser\u00e1 el viernes a las 21.30 ante Oeste Santafesino en el Club Argentino.<\/p>\n<p>El seleccionado tiene la direcci\u00f3n t\u00e9cnica de Juan Ignacio Andornino, mientras que Mat\u00edas Rojas se desempe\u00f1a como asistente y Javier Orosco en la preparaci\u00f3n f\u00edsica. Los jugadores convocados son los siguientes:<\/p>\n<p><strong>Independiente:<\/strong> Tiziano Carella, Bautista Balari, Sim\u00f3n Corrado, Renzo Palmucci, Maximiliano Burguener.<br \/>\n<strong>Sportivo Ben Hur:<\/strong> Juan Bautista Rocchia, Tom\u00e1s Santi, Bautista Gentinetta, Dylan Aimo.<br \/>\n<strong>Atl\u00e9tico de Rafaela:<\/strong> Bautista Andermatten, Francisco Llorens.<br \/>\n<strong>9 de Julio:<\/strong> Benjam\u00edn Taborda.<\/p>\n<p>La actividad comenzar\u00e1 el viernes 1 con la recepci\u00f3n de las delegaciones, primera fecha y el acto inaugural previsto para la tarde en el estadio \u00abLeonardo Gutierrez\u00bb de San Mart\u00edn, mientras que el s\u00e1bado 2 culminar\u00e1 la etapa clasificatoria en ambas sedes.<\/p>\n<p>El domingo 3 se jugar\u00e1n las instancias decisivas, con semifinales por la ma\u00f1ana y la definici\u00f3n de posiciones por la tarde, incluyendo la gran final programada para las 19.15 horas en el estadio \u00abLeonardo Gutierrez\u00bb<\/p>\n<p><strong>FORMATIVAS<\/strong><\/p>\n<p>En distintos d\u00edas y horarios habr\u00e1 actividad por la s\u00e9ptima fecha del torneo de Divisiones Formativas masculinas de la ARB, aprovechando el feriado del viernes 1 de mayo.<\/p>\n<p><strong>Atl\u00e9tico Pilar vs. Racing LTC:<\/strong> viernes 1 en Pilar desde las 10 con U11. Siguiendo luego U17 y U12. Adem\u00e1s Pilar tambi\u00e9n visitar\u00e1 a 9 de Julio el jueves 30 para disputar el partido de categor\u00eda U12 desde las 19.30.<\/p>\n<p><strong>Atl\u00e9tico Rafaela vs. Independiente:<\/strong> s\u00e1bado 2 en el estadio \u00abArq. Lucio Casar\u00edn\u00bb, desde las 10.30 con U11. Luego seguir\u00e1n U15, U13 y U21.<\/p>\n<p><strong>9 de Julio vs. Pe\u00f1arol:<\/strong> viernes 1 desde las 11 en U11, luego U15 a las 13. S\u00e1bado 2: desde las 10 en U14, luego U21. Martes 5: en U17 a las 19.30, siendo toda la programaci\u00f3n en el estadio Centenario.<\/p>\n<p><strong>Uni\u00f3n Blanco vs. Ben Hur:<\/strong> s\u00e1bado 2 en el estadio \u201cFortaleza del Bicho\u201d, desde las 10 en U12 para continuar luego en U13.<\/p>\n","protected":false},"excerpt":{"rendered":"<p>El Campeonato Provincial Interasociaciones Juveniles (U17) Masculino\u00a0se jugar\u00e1 este fin de semana en Marcos Ju\u00e1rez, organizado por la Asociaci\u00f3n Ca\u00f1adense.<\/p>\n","protected":false},"author":2,"featured_media":65029,"comment_status":"closed","ping_status":"closed","sticky":false,"template":"","format":"standard","meta":{"footnotes":""},"categories":[5,24],"tags":[],"class_list":["post-65011","post","type-post","status-publish","format-standard","has-post-thumbnail","hentry","category-basquet","category-noticias-destacadas"],"cc_featured_image_caption":{"caption_text":"FOTO ARB","source_text":"","source_url":""},"_links":{"self":[{"href":"https:\/\/todoapulmon-rafaela.com\/index.php\/wp-json\/wp\/v2\/posts\/65011"}],"collection":[{"href":"https:\/\/todoapulmon-rafaela.com\/index.php\/wp-json\/wp\/v2\/posts"}],"about":[{"href":"https:\/\/todoapulmon-rafaela.com\/index.php\/wp-json\/wp\/v2\/types\/post"}],"author":[{"embeddable":true,"href":"https:\/\/todoapulmon-rafaela.com\/index.php\/wp-json\/wp\/v2\/users\/2"}],"replies":[{"embeddable":true,"href":"https:\/\/todoapulmon-rafaela.com\/index.php\/wp-json\/wp\/v2\/comments?post=65011"}],"version-history":[{"count":3,"href":"https:\/\/todoapulmon-rafaela.com\/index.php\/wp-json\/wp\/v2\/posts\/65011\/revisions"}],"predecessor-version":[{"id":65030,"href":"https:\/\/todoapulmon-rafaela.com\/index.php\/wp-json\/wp\/v2\/posts\/65011\/revisions\/65030"}],"wp:featuredmedia":[{"embeddable":true,"href":"https:\/\/todoapulmon-rafaela.com\/index.php\/wp-json\/wp\/v2\/media\/65029"}],"wp:attachment":[{"href":"https:\/\/todoapulmon-rafaela.com\/index.php\/wp-json\/wp\/v2\/media?parent=65011"}],"wp:term":[{"taxonomy":"category","embeddable":true,"href":"https:\/\/todoapulmon-rafaela.com\/index.php\/wp-json\/wp\/v2\/categories?post=65011"},{"taxonomy":"post_tag","embeddable":true,"href":"https:\/\/todoapulmon-rafaela.com\/index.php\/wp-json\/wp\/v2\/tags?post=65011"}],"curies":[{"name":"wp","href":"https:\/\/api.w.org\/{rel}","templated":true}]}}