{"id":65004,"date":"2026-04-29T19:59:39","date_gmt":"2026-04-29T19:59:39","guid":{"rendered":"https:\/\/todoapulmon-rafaela.com\/?p=65004"},"modified":"2026-04-29T19:59:39","modified_gmt":"2026-04-29T19:59:39","slug":"runnea-rafaela-dijo-presente-en-egusquiza-y-san-jorge","status":"publish","type":"post","link":"https:\/\/todoapulmon-rafaela.com\/index.php\/2026\/04\/29\/runnea-rafaela-dijo-presente-en-egusquiza-y-san-jorge\/","title":{"rendered":"RUNNEA Rafaela dijo presente en Egusquiza y San Jorge"},"content":{"rendered":"<p>El grupo de entrenamiento RUNNEA Rafaela tuvo una destacada participaci\u00f3n el pasado fin de semana en distintas competencias de la regi\u00f3n, con actuaciones sobresalientes tanto en distancias de 10K como en media marat\u00f3n.<\/p>\n<p>En la prueba Egusquiza Corre (5\u00aa edici\u00f3n), los resultados fueron muy positivos:<\/p>\n<p>En los 10 kil\u00f3metros, se destac\u00f3 Florencia Berm\u00fadez, quien se qued\u00f3 con el 1\u00b0 puesto en la clasificaci\u00f3n general femenina con un tiempo de 41:53, consolidando una gran performance.<\/p>\n<p><img loading=\"lazy\" decoding=\"async\" class=\"alignnone size-large wp-image-65006\" src=\"https:\/\/todoapulmon-rafaela.com\/wp-content\/uploads\/2026\/04\/Runnea-Egusquiza-1125x1500.jpg\" alt=\"\" width=\"800\" height=\"1067\" srcset=\"https:\/\/todoapulmon-rafaela.com\/wp-content\/uploads\/2026\/04\/Runnea-Egusquiza-1125x1500.jpg 1125w, https:\/\/todoapulmon-rafaela.com\/wp-content\/uploads\/2026\/04\/Runnea-Egusquiza-225x300.jpg 225w, https:\/\/todoapulmon-rafaela.com\/wp-content\/uploads\/2026\/04\/Runnea-Egusquiza-1152x1536.jpg 1152w, https:\/\/todoapulmon-rafaela.com\/wp-content\/uploads\/2026\/04\/Runnea-Egusquiza.jpg 1200w\" sizes=\"(max-width: 800px) 100vw, 800px\" \/><\/p>\n<p>Tambi\u00e9n en esta distancia, Agustina Miglio logr\u00f3 el 3\u00b0 puesto en la general y 2\u00b0 en su categor\u00eda (30-34 a\u00f1os) con un tiempo de 44:45, mientras que Julia Gramaglia finaliz\u00f3 8\u00aa en la general y 2\u00aa en categor\u00eda (20-24 a\u00f1os).<\/p>\n<p>Se sum\u00f3 adem\u00e1s Jos\u00e9 Ledesma, quien tuvo una gran actuaci\u00f3n al quedarse con el 1\u00b0 puesto en su categor\u00eda, registrando un s\u00f3lido tiempo de 41:19.<\/p>\n<p>Por su parte, Ignacio L\u00f3pez tuvo una s\u00f3lida actuaci\u00f3n, ubic\u00e1ndose 7\u00b0 en la general y 1\u00b0 en categor\u00eda (45-49 a\u00f1os) con un tiempo de 43:47.<\/p>\n<p>Entre las damas, Luc\u00eda Rosetti fue 38\u00aa en la general y 3\u00aa en su categor\u00eda (25-29 a\u00f1os), registrando 53:33, mientras que Mar\u00eda Cristina Beldomenico logr\u00f3 el 1\u00b0 puesto en categor\u00eda (55-59 a\u00f1os) con un tiempo de 56:56.<\/p>\n<p>En la distancia de 21 kil\u00f3metros, Romano Maza se destac\u00f3 con una actuaci\u00f3n sobresaliente al quedarse con el 1\u00b0 puesto en la general, imponi\u00e9ndose adem\u00e1s en su categor\u00eda (35-39 a\u00f1os) con un tiempo de 1h17\u201952\u201d.<\/p>\n<p><img loading=\"lazy\" decoding=\"async\" class=\"alignnone size-large wp-image-65007\" src=\"https:\/\/todoapulmon-rafaela.com\/wp-content\/uploads\/2026\/04\/Runnea-Egusquiza2-1125x1500.jpg\" alt=\"\" width=\"800\" height=\"1067\" srcset=\"https:\/\/todoapulmon-rafaela.com\/wp-content\/uploads\/2026\/04\/Runnea-Egusquiza2-1125x1500.jpg 1125w, https:\/\/todoapulmon-rafaela.com\/wp-content\/uploads\/2026\/04\/Runnea-Egusquiza2-225x300.jpg 225w, https:\/\/todoapulmon-rafaela.com\/wp-content\/uploads\/2026\/04\/Runnea-Egusquiza2-1152x1536.jpg 1152w, https:\/\/todoapulmon-rafaela.com\/wp-content\/uploads\/2026\/04\/Runnea-Egusquiza2.jpg 1200w\" sizes=\"(max-width: 800px) 100vw, 800px\" \/><\/p>\n<p>Tambi\u00e9n en la media marat\u00f3n, Mar\u00eda del Carmen Ponce logr\u00f3 el 2\u00b0 puesto en la general femenina y el 1\u00b0 en su categor\u00eda (50-55 a\u00f1os) con un tiempo de 1h41\u201949\u201d.<\/p>\n<p>Completaron la prueba Nicol\u00e1s Ruggieri, quien finaliz\u00f3 4\u00b0 en la general y 1\u00b0 en categor\u00eda (35-39 a\u00f1os) con un registro de 1h30\u201948\u201d, y Fausto Marchiaro, que se ubic\u00f3 7\u00b0 en la general y 2\u00b0 en categor\u00eda (25-29 a\u00f1os) con un tiempo de 1h33\u201946\u201d.<\/p>\n<p>Por otro lado, en la Marat\u00f3n de San Jorge 2026, Julieta Milanesio particip\u00f3 en los 10K, logrando el 6\u00b0 puesto en su categor\u00eda (22 a 31 a\u00f1os) con un tiempo de 54:56.<\/p>\n","protected":false},"excerpt":{"rendered":"<p>El grupo de entrenamiento RUNNEA Rafaela tuvo una destacada participaci\u00f3n el pasado fin de semana en distintas competencias de la<\/p>\n","protected":false},"author":2,"featured_media":65005,"comment_status":"closed","ping_status":"closed","sticky":false,"template":"","format":"standard","meta":{"footnotes":""},"categories":[7,24],"tags":[],"class_list":["post-65004","post","type-post","status-publish","format-standard","has-post-thumbnail","hentry","category-atletismo","category-noticias-destacadas"],"cc_featured_image_caption":{"caption_text":"","source_text":"","source_url":""},"_links":{"self":[{"href":"https:\/\/todoapulmon-rafaela.com\/index.php\/wp-json\/wp\/v2\/posts\/65004"}],"collection":[{"href":"https:\/\/todoapulmon-rafaela.com\/index.php\/wp-json\/wp\/v2\/posts"}],"about":[{"href":"https:\/\/todoapulmon-rafaela.com\/index.php\/wp-json\/wp\/v2\/types\/post"}],"author":[{"embeddable":true,"href":"https:\/\/todoapulmon-rafaela.com\/index.php\/wp-json\/wp\/v2\/users\/2"}],"replies":[{"embeddable":true,"href":"https:\/\/todoapulmon-rafaela.com\/index.php\/wp-json\/wp\/v2\/comments?post=65004"}],"version-history":[{"count":1,"href":"https:\/\/todoapulmon-rafaela.com\/index.php\/wp-json\/wp\/v2\/posts\/65004\/revisions"}],"predecessor-version":[{"id":65008,"href":"https:\/\/todoapulmon-rafaela.com\/index.php\/wp-json\/wp\/v2\/posts\/65004\/revisions\/65008"}],"wp:featuredmedia":[{"embeddable":true,"href":"https:\/\/todoapulmon-rafaela.com\/index.php\/wp-json\/wp\/v2\/media\/65005"}],"wp:attachment":[{"href":"https:\/\/todoapulmon-rafaela.com\/index.php\/wp-json\/wp\/v2\/media?parent=65004"}],"wp:term":[{"taxonomy":"category","embeddable":true,"href":"https:\/\/todoapulmon-rafaela.com\/index.php\/wp-json\/wp\/v2\/categories?post=65004"},{"taxonomy":"post_tag","embeddable":true,"href":"https:\/\/todoapulmon-rafaela.com\/index.php\/wp-json\/wp\/v2\/tags?post=65004"}],"curies":[{"name":"wp","href":"https:\/\/api.w.org\/{rel}","templated":true}]}}