{"id":64984,"date":"2026-04-28T19:25:46","date_gmt":"2026-04-28T19:25:46","guid":{"rendered":"https:\/\/todoapulmon-rafaela.com\/?p=64984"},"modified":"2026-04-28T19:29:07","modified_gmt":"2026-04-28T19:29:07","slug":"buenos-resultados-de-representantes-de-guepard-en-egusquiza-corre","status":"publish","type":"post","link":"https:\/\/todoapulmon-rafaela.com\/index.php\/2026\/04\/28\/buenos-resultados-de-representantes-de-guepard-en-egusquiza-corre\/","title":{"rendered":"Excelentes resultados de representantes de Guepard en \u00abEgusquiza Corre\u00bb"},"content":{"rendered":"<p>Varios integrantes del grupo Guepard se hicieron presentes el domingo en la quinta edici\u00f3n de \u00abEgusquiza Corre\u00bb, participando en diferentes distancias y con meritorias performances.<\/p>\n<p>Cabe destacar el triunfo de Marilina Alassia en la general de 5.000 metros con un tiempo de 23m 08s, mientras que en los 21k fueron segundo y tercero respectivamente de la general, Elam Trulli (1h 22m 34s) y Agust\u00edn Pecantet (1h 24m 42s).<\/p>\n<p>Este es el resumen:<\/p>\n<p><strong>5k<\/strong><br \/>\n1era general Marilina Alassia<\/p>\n<p><strong>21k<\/strong><br \/>\n2do general Elam Trulli<br \/>\n3ero general Agustin Pecantet<\/p>\n<p><img loading=\"lazy\" decoding=\"async\" class=\"alignnone size-full wp-image-64986\" src=\"https:\/\/todoapulmon-rafaela.com\/wp-content\/uploads\/2026\/04\/Guepard-Egusquiza1.jpg\" alt=\"\" width=\"720\" height=\"1009\" srcset=\"https:\/\/todoapulmon-rafaela.com\/wp-content\/uploads\/2026\/04\/Guepard-Egusquiza1.jpg 720w, https:\/\/todoapulmon-rafaela.com\/wp-content\/uploads\/2026\/04\/Guepard-Egusquiza1-214x300.jpg 214w\" sizes=\"(max-width: 720px) 100vw, 720px\" \/><\/p>\n<p><strong>10k<\/strong><br \/>\nGerm\u00e1n Risso 2do categor\u00eda<br \/>\nRoc\u00edo G\u00f3mez 1era categor\u00eda<br \/>\nEli Rodriguez 1era categor\u00eda<br \/>\nSoledad Salinas 3era<br \/>\nMarilina Alvarez 3era categor\u00eda.<\/p>\n<p><strong>EN PORTE\u00d1A<\/strong><\/p>\n<p>Adem\u00e1s, el fin de semana otros tres integrantes del grupo viajaron a Porte\u00f1a para correr los 10k de esa ciudad cordobesa.<\/p>\n<p><img loading=\"lazy\" decoding=\"async\" class=\"alignnone size-full wp-image-64987\" src=\"https:\/\/todoapulmon-rafaela.com\/wp-content\/uploads\/2026\/04\/Guepard-Portena1.jpg\" alt=\"\" width=\"720\" height=\"1280\" srcset=\"https:\/\/todoapulmon-rafaela.com\/wp-content\/uploads\/2026\/04\/Guepard-Portena1.jpg 720w, https:\/\/todoapulmon-rafaela.com\/wp-content\/uploads\/2026\/04\/Guepard-Portena1-169x300.jpg 169w\" sizes=\"(max-width: 720px) 100vw, 720px\" \/><\/p>\n<p>Carola Ortiz fue primera en la categor\u00eda; Eliana Scandalo 2da categor\u00eda y Leonardo Lensiza tercero en su divisi\u00f3n.<\/p>\n<p>&nbsp;<\/p>\n","protected":false},"excerpt":{"rendered":"<p>Varios integrantes del grupo Guepard se hicieron presentes el domingo en la quinta edici\u00f3n de \u00abEgusquiza Corre\u00bb, participando en diferentes<\/p>\n","protected":false},"author":2,"featured_media":64990,"comment_status":"closed","ping_status":"closed","sticky":false,"template":"","format":"standard","meta":{"footnotes":""},"categories":[7,24],"tags":[],"class_list":["post-64984","post","type-post","status-publish","format-standard","has-post-thumbnail","hentry","category-atletismo","category-noticias-destacadas"],"cc_featured_image_caption":{"caption_text":"Marilina Alassia gan\u00f3 en 5k.","source_text":"","source_url":""},"_links":{"self":[{"href":"https:\/\/todoapulmon-rafaela.com\/index.php\/wp-json\/wp\/v2\/posts\/64984"}],"collection":[{"href":"https:\/\/todoapulmon-rafaela.com\/index.php\/wp-json\/wp\/v2\/posts"}],"about":[{"href":"https:\/\/todoapulmon-rafaela.com\/index.php\/wp-json\/wp\/v2\/types\/post"}],"author":[{"embeddable":true,"href":"https:\/\/todoapulmon-rafaela.com\/index.php\/wp-json\/wp\/v2\/users\/2"}],"replies":[{"embeddable":true,"href":"https:\/\/todoapulmon-rafaela.com\/index.php\/wp-json\/wp\/v2\/comments?post=64984"}],"version-history":[{"count":2,"href":"https:\/\/todoapulmon-rafaela.com\/index.php\/wp-json\/wp\/v2\/posts\/64984\/revisions"}],"predecessor-version":[{"id":64991,"href":"https:\/\/todoapulmon-rafaela.com\/index.php\/wp-json\/wp\/v2\/posts\/64984\/revisions\/64991"}],"wp:featuredmedia":[{"embeddable":true,"href":"https:\/\/todoapulmon-rafaela.com\/index.php\/wp-json\/wp\/v2\/media\/64990"}],"wp:attachment":[{"href":"https:\/\/todoapulmon-rafaela.com\/index.php\/wp-json\/wp\/v2\/media?parent=64984"}],"wp:term":[{"taxonomy":"category","embeddable":true,"href":"https:\/\/todoapulmon-rafaela.com\/index.php\/wp-json\/wp\/v2\/categories?post=64984"},{"taxonomy":"post_tag","embeddable":true,"href":"https:\/\/todoapulmon-rafaela.com\/index.php\/wp-json\/wp\/v2\/tags?post=64984"}],"curies":[{"name":"wp","href":"https:\/\/api.w.org\/{rel}","templated":true}]}}