{"id":64972,"date":"2026-04-28T14:10:38","date_gmt":"2026-04-28T14:10:38","guid":{"rendered":"https:\/\/todoapulmon-rafaela.com\/?p=64972"},"modified":"2026-04-28T14:10:38","modified_gmt":"2026-04-28T14:10:38","slug":"salio-la-lista-de-las-panteras-con-milena-margaria","status":"publish","type":"post","link":"https:\/\/todoapulmon-rafaela.com\/index.php\/2026\/04\/28\/salio-la-lista-de-las-panteras-con-milena-margaria\/","title":{"rendered":"Sali\u00f3 la lista de Las Panteras, con Milena Margar\u00eda"},"content":{"rendered":"<p>Este martes se dio a conocer la primera lista del entrenador Facundo Murando para Las Panteras en este ciclo 2026. La Selecci\u00f3n mayor comienza un a\u00f1o cargado de competencia y que arranca con los duelos ante Bulgaria en la provincia de Santa Fe. Ser\u00e1n el 29 de mayo, desde las 21 horas, en el Microestadio de Uni\u00f3n, mientras que en Newell\u00b4s de Rosario se enfrentar\u00e1n el domingo 31 desde las 19:30 horas.<\/p>\n<p>La novedad importante para el voley de nuestra regi\u00f3n es la citaci\u00f3n para Milena Margar\u00eda. La sunchalense surgida de Uni\u00f3n y formada en los torneos de la Asociaci\u00f3n Rafaelina, viene de tener su primera temporada en el exterior, en el Arenal Emev\u00e9 de Espa\u00f1a, que logr\u00f3 salvarse del descenso en el cierre de la campa\u00f1a.<\/p>\n<p><img loading=\"lazy\" decoding=\"async\" class=\"alignnone size-full wp-image-64973\" src=\"https:\/\/todoapulmon-rafaela.com\/wp-content\/uploads\/2026\/04\/Lista-de-Las-Panteras.jpg\" alt=\"\" width=\"1080\" height=\"1350\" srcset=\"https:\/\/todoapulmon-rafaela.com\/wp-content\/uploads\/2026\/04\/Lista-de-Las-Panteras.jpg 1080w, https:\/\/todoapulmon-rafaela.com\/wp-content\/uploads\/2026\/04\/Lista-de-Las-Panteras-240x300.jpg 240w\" sizes=\"(max-width: 1080px) 100vw, 1080px\" \/><\/p>\n","protected":false},"excerpt":{"rendered":"<p>Este martes se dio a conocer la primera lista del entrenador Facundo Murando para Las Panteras en este ciclo 2026.<\/p>\n","protected":false},"author":2,"featured_media":64974,"comment_status":"closed","ping_status":"closed","sticky":false,"template":"","format":"standard","meta":{"footnotes":""},"categories":[24,16],"tags":[],"class_list":["post-64972","post","type-post","status-publish","format-standard","has-post-thumbnail","hentry","category-noticias-destacadas","category-voley"],"cc_featured_image_caption":{"caption_text":"Milena Margaria viene de jugar en el Arenal de Lugo, Espa\u00f1a.","source_text":"","source_url":""},"_links":{"self":[{"href":"https:\/\/todoapulmon-rafaela.com\/index.php\/wp-json\/wp\/v2\/posts\/64972"}],"collection":[{"href":"https:\/\/todoapulmon-rafaela.com\/index.php\/wp-json\/wp\/v2\/posts"}],"about":[{"href":"https:\/\/todoapulmon-rafaela.com\/index.php\/wp-json\/wp\/v2\/types\/post"}],"author":[{"embeddable":true,"href":"https:\/\/todoapulmon-rafaela.com\/index.php\/wp-json\/wp\/v2\/users\/2"}],"replies":[{"embeddable":true,"href":"https:\/\/todoapulmon-rafaela.com\/index.php\/wp-json\/wp\/v2\/comments?post=64972"}],"version-history":[{"count":1,"href":"https:\/\/todoapulmon-rafaela.com\/index.php\/wp-json\/wp\/v2\/posts\/64972\/revisions"}],"predecessor-version":[{"id":64975,"href":"https:\/\/todoapulmon-rafaela.com\/index.php\/wp-json\/wp\/v2\/posts\/64972\/revisions\/64975"}],"wp:featuredmedia":[{"embeddable":true,"href":"https:\/\/todoapulmon-rafaela.com\/index.php\/wp-json\/wp\/v2\/media\/64974"}],"wp:attachment":[{"href":"https:\/\/todoapulmon-rafaela.com\/index.php\/wp-json\/wp\/v2\/media?parent=64972"}],"wp:term":[{"taxonomy":"category","embeddable":true,"href":"https:\/\/todoapulmon-rafaela.com\/index.php\/wp-json\/wp\/v2\/categories?post=64972"},{"taxonomy":"post_tag","embeddable":true,"href":"https:\/\/todoapulmon-rafaela.com\/index.php\/wp-json\/wp\/v2\/tags?post=64972"}],"curies":[{"name":"wp","href":"https:\/\/api.w.org\/{rel}","templated":true}]}}