{"id":64966,"date":"2026-04-28T12:44:53","date_gmt":"2026-04-28T12:44:53","guid":{"rendered":"https:\/\/todoapulmon-rafaela.com\/?p=64966"},"modified":"2026-04-28T12:44:53","modified_gmt":"2026-04-28T12:44:53","slug":"ciclismo-en-barrio-fatima-una-jornada-con-gran-participacion-y-espiritu-deportivo","status":"publish","type":"post","link":"https:\/\/todoapulmon-rafaela.com\/index.php\/2026\/04\/28\/ciclismo-en-barrio-fatima-una-jornada-con-gran-participacion-y-espiritu-deportivo\/","title":{"rendered":"Ciclismo en barrio F\u00e1tima: una jornada con gran participaci\u00f3n y esp\u00edritu deportivo"},"content":{"rendered":"<p>En el marco del programa \u00abCiclismo en los Barrios\u00bb, se desarroll\u00f3 el domingo una exitosa jornada en barrio F\u00e1tima, con la participaci\u00f3n de 53 participantes que disfrutaron de una propuesta deportiva pensada para promover el ciclismo desde edades tempranas.<\/p>\n<p>La actividad cont\u00f3 con cuatro categor\u00edas, en las que se premi\u00f3 a cinco participantes por cada una, destacando el esfuerzo y la participaci\u00f3n en cada competencia. Adem\u00e1s, como parte del cierre, se realiz\u00f3 el sorteo de una bicicleta, que fue ganada por Rodrigo Dayer, de la categor\u00eda 2019 y vecino del barrio F\u00e1tima. Los premios fueron aportados por Casa Delma.<\/p>\n<p><img loading=\"lazy\" decoding=\"async\" class=\"alignnone size-full wp-image-64968\" src=\"https:\/\/todoapulmon-rafaela.com\/wp-content\/uploads\/2026\/04\/Ciclismo-en-los-barrios-premios.jpg\" alt=\"\" width=\"800\" height=\"600\" srcset=\"https:\/\/todoapulmon-rafaela.com\/wp-content\/uploads\/2026\/04\/Ciclismo-en-los-barrios-premios.jpg 800w, https:\/\/todoapulmon-rafaela.com\/wp-content\/uploads\/2026\/04\/Ciclismo-en-los-barrios-premios-300x225.jpg 300w\" sizes=\"(max-width: 800px) 100vw, 800px\" \/><\/p>\n<p>Al respecto, el subsecretario de Deportes y Recreaci\u00f3n, Alejandro Ambort, expres\u00f3: \u00abEstas propuestas nos permiten seguir acercando el deporte a cada barrio, generando espacios de participaci\u00f3n y encuentro. Ver la cantidad de participantes y el entusiasmo con el que viven cada jornada nos confirma que vamos por el camino correcto\u00bb.<\/p>\n<p>Este tipo de iniciativas no solo fomentan la actividad f\u00edsica y los h\u00e1bitos saludables, sino que tambi\u00e9n generan espacios de encuentro, integraci\u00f3n y formaci\u00f3n deportiva. De esta manera, Rafaela contin\u00faa consolidando su perfil como ciudad deportiva, promoviendo valores y acompa\u00f1ando el desarrollo del ciclismo local.<\/p>\n","protected":false},"excerpt":{"rendered":"<p>En el marco del programa \u00abCiclismo en los Barrios\u00bb, se desarroll\u00f3 el domingo una exitosa jornada en barrio F\u00e1tima, con<\/p>\n","protected":false},"author":2,"featured_media":64967,"comment_status":"closed","ping_status":"closed","sticky":false,"template":"","format":"standard","meta":{"footnotes":""},"categories":[4],"tags":[],"class_list":["post-64966","post","type-post","status-publish","format-standard","has-post-thumbnail","hentry","category-ciclismo"],"cc_featured_image_caption":{"caption_text":"","source_text":"","source_url":""},"_links":{"self":[{"href":"https:\/\/todoapulmon-rafaela.com\/index.php\/wp-json\/wp\/v2\/posts\/64966"}],"collection":[{"href":"https:\/\/todoapulmon-rafaela.com\/index.php\/wp-json\/wp\/v2\/posts"}],"about":[{"href":"https:\/\/todoapulmon-rafaela.com\/index.php\/wp-json\/wp\/v2\/types\/post"}],"author":[{"embeddable":true,"href":"https:\/\/todoapulmon-rafaela.com\/index.php\/wp-json\/wp\/v2\/users\/2"}],"replies":[{"embeddable":true,"href":"https:\/\/todoapulmon-rafaela.com\/index.php\/wp-json\/wp\/v2\/comments?post=64966"}],"version-history":[{"count":1,"href":"https:\/\/todoapulmon-rafaela.com\/index.php\/wp-json\/wp\/v2\/posts\/64966\/revisions"}],"predecessor-version":[{"id":64969,"href":"https:\/\/todoapulmon-rafaela.com\/index.php\/wp-json\/wp\/v2\/posts\/64966\/revisions\/64969"}],"wp:featuredmedia":[{"embeddable":true,"href":"https:\/\/todoapulmon-rafaela.com\/index.php\/wp-json\/wp\/v2\/media\/64967"}],"wp:attachment":[{"href":"https:\/\/todoapulmon-rafaela.com\/index.php\/wp-json\/wp\/v2\/media?parent=64966"}],"wp:term":[{"taxonomy":"category","embeddable":true,"href":"https:\/\/todoapulmon-rafaela.com\/index.php\/wp-json\/wp\/v2\/categories?post=64966"},{"taxonomy":"post_tag","embeddable":true,"href":"https:\/\/todoapulmon-rafaela.com\/index.php\/wp-json\/wp\/v2\/tags?post=64966"}],"curies":[{"name":"wp","href":"https:\/\/api.w.org\/{rel}","templated":true}]}}