{"id":64956,"date":"2026-04-28T11:31:34","date_gmt":"2026-04-28T11:31:34","guid":{"rendered":"https:\/\/todoapulmon-rafaela.com\/?p=64956"},"modified":"2026-04-28T11:31:34","modified_gmt":"2026-04-28T11:31:34","slug":"el-rafaelino-joaquin-burkett-en-una-concentracion-nacional-sub-19","status":"publish","type":"post","link":"https:\/\/todoapulmon-rafaela.com\/index.php\/2026\/04\/28\/el-rafaelino-joaquin-burkett-en-una-concentracion-nacional-sub-19\/","title":{"rendered":"El rafaelino Joaquin Burkett en una concentraci\u00f3n nacional Sub 19"},"content":{"rendered":"<p>Esta semana se est\u00e1 realizando en el CENARD, en Buenos Aires, una concentraci\u00f3n organizada por la Federaci\u00f3n Argentina de Voley para el preseleccionado U19 masculino.<\/p>\n<p>En la misma se encuentra participando el rafaelino Joaquin Burkett, jugador de Sonder de Rosario, junto a algunos compa\u00f1eros y al entrenador Sebasti\u00e1n Brajkovic, que forma parte del staff nacional.<\/p>\n<p>Esta categor\u00eda de voley indoor ajusta su preparaci\u00f3n para el Sudamericano que se disputar\u00e1 en el mes de noviembre.<\/p>\n<p>Cabe mencionar que Burkett form\u00f3 parte del seleccionado de Rosario que hace un par de semanas fue campe\u00f3n provincial en San Jer\u00f3nimo Norte.<\/p>\n","protected":false},"excerpt":{"rendered":"<p>Esta semana se est\u00e1 realizando en el CENARD, en Buenos Aires, una concentraci\u00f3n organizada por la Federaci\u00f3n Argentina de Voley<\/p>\n","protected":false},"author":2,"featured_media":64957,"comment_status":"closed","ping_status":"closed","sticky":false,"template":"","format":"standard","meta":{"footnotes":""},"categories":[24,16],"tags":[],"class_list":["post-64956","post","type-post","status-publish","format-standard","has-post-thumbnail","hentry","category-noticias-destacadas","category-voley"],"cc_featured_image_caption":{"caption_text":"Burkett, tercero de izquierda a derecha. (Foto Sonder).","source_text":"","source_url":""},"_links":{"self":[{"href":"https:\/\/todoapulmon-rafaela.com\/index.php\/wp-json\/wp\/v2\/posts\/64956"}],"collection":[{"href":"https:\/\/todoapulmon-rafaela.com\/index.php\/wp-json\/wp\/v2\/posts"}],"about":[{"href":"https:\/\/todoapulmon-rafaela.com\/index.php\/wp-json\/wp\/v2\/types\/post"}],"author":[{"embeddable":true,"href":"https:\/\/todoapulmon-rafaela.com\/index.php\/wp-json\/wp\/v2\/users\/2"}],"replies":[{"embeddable":true,"href":"https:\/\/todoapulmon-rafaela.com\/index.php\/wp-json\/wp\/v2\/comments?post=64956"}],"version-history":[{"count":1,"href":"https:\/\/todoapulmon-rafaela.com\/index.php\/wp-json\/wp\/v2\/posts\/64956\/revisions"}],"predecessor-version":[{"id":64958,"href":"https:\/\/todoapulmon-rafaela.com\/index.php\/wp-json\/wp\/v2\/posts\/64956\/revisions\/64958"}],"wp:featuredmedia":[{"embeddable":true,"href":"https:\/\/todoapulmon-rafaela.com\/index.php\/wp-json\/wp\/v2\/media\/64957"}],"wp:attachment":[{"href":"https:\/\/todoapulmon-rafaela.com\/index.php\/wp-json\/wp\/v2\/media?parent=64956"}],"wp:term":[{"taxonomy":"category","embeddable":true,"href":"https:\/\/todoapulmon-rafaela.com\/index.php\/wp-json\/wp\/v2\/categories?post=64956"},{"taxonomy":"post_tag","embeddable":true,"href":"https:\/\/todoapulmon-rafaela.com\/index.php\/wp-json\/wp\/v2\/tags?post=64956"}],"curies":[{"name":"wp","href":"https:\/\/api.w.org\/{rel}","templated":true}]}}