{"id":64950,"date":"2026-04-27T21:48:25","date_gmt":"2026-04-27T21:48:25","guid":{"rendered":"https:\/\/todoapulmon-rafaela.com\/?p=64950"},"modified":"2026-04-27T21:48:25","modified_gmt":"2026-04-27T21:48:25","slug":"en-un-gran-torneo-almagrito-2026-el-local-fue-subcampeon","status":"publish","type":"post","link":"https:\/\/todoapulmon-rafaela.com\/index.php\/2026\/04\/27\/en-un-gran-torneo-almagrito-2026-el-local-fue-subcampeon\/","title":{"rendered":"En un gran torneo \u00abAlmagrito 2026\u00bb, el local fue subcampe\u00f3n"},"content":{"rendered":"<p>Este s\u00e1bado y domingo se llev\u00f3 a cabo en el Club Almagro el Abierto Nacional Sub 14 \u201cAlmagrito 2026\u201d, con la participaci\u00f3n de 20 equipos de la zona, en un fin de semana a puro v\u00f3ley, competencia y compa\u00f1erismo.<br \/>\nEl anfitri\u00f3n estuvo representado por tres equipos, que tuvieron una destacada actuaci\u00f3n a lo largo de todo el torneo.<br \/>\nEl equipo A se consagr\u00f3 subcampe\u00f3n de la Copa de Oro, tras disputar una final muy pareja ante San Isidro de San Francisco, que se defini\u00f3 en tie break.<br \/>\nPor su parte, los equipos B y C compitieron en la Copa de Plata. El equipo B no logr\u00f3 avanzar tras disputar el triangular, mientras que el equipo C obtuvo una victoria, pero no le alcanz\u00f3 para clasificar a las semifinales.<br \/>\n\u00abUn agradecimiento especial a todos los clubes que participaron y confiaron en nuestra organizaci\u00f3n, haciendo posible una verdadera fiesta del voley formativo\u00bb, expres\u00f3 en su parte de prensa la Subcomisi\u00f3n de esta disciplina.<\/p>\n<p><strong>TRIUNFO EN PRIMERA<\/strong><\/p>\n<p>Este domingo, por la segunda fecha del torneo Apertura de primera divisi\u00f3n femenina de la ARV, Almagro super\u00f3 como visitante a Brown de San Vicente por 3 a 0.<\/p>\n","protected":false},"excerpt":{"rendered":"<p>Este s\u00e1bado y domingo se llev\u00f3 a cabo en el Club Almagro el Abierto Nacional Sub 14 \u201cAlmagrito 2026\u201d, con<\/p>\n","protected":false},"author":2,"featured_media":64951,"comment_status":"closed","ping_status":"closed","sticky":false,"template":"","format":"standard","meta":{"footnotes":""},"categories":[24,16],"tags":[],"class_list":["post-64950","post","type-post","status-publish","format-standard","has-post-thumbnail","hentry","category-noticias-destacadas","category-voley"],"cc_featured_image_caption":{"caption_text":"Almagro A fue subcampe\u00f3n (foto prensa Voley Almagro).","source_text":"","source_url":""},"_links":{"self":[{"href":"https:\/\/todoapulmon-rafaela.com\/index.php\/wp-json\/wp\/v2\/posts\/64950"}],"collection":[{"href":"https:\/\/todoapulmon-rafaela.com\/index.php\/wp-json\/wp\/v2\/posts"}],"about":[{"href":"https:\/\/todoapulmon-rafaela.com\/index.php\/wp-json\/wp\/v2\/types\/post"}],"author":[{"embeddable":true,"href":"https:\/\/todoapulmon-rafaela.com\/index.php\/wp-json\/wp\/v2\/users\/2"}],"replies":[{"embeddable":true,"href":"https:\/\/todoapulmon-rafaela.com\/index.php\/wp-json\/wp\/v2\/comments?post=64950"}],"version-history":[{"count":1,"href":"https:\/\/todoapulmon-rafaela.com\/index.php\/wp-json\/wp\/v2\/posts\/64950\/revisions"}],"predecessor-version":[{"id":64952,"href":"https:\/\/todoapulmon-rafaela.com\/index.php\/wp-json\/wp\/v2\/posts\/64950\/revisions\/64952"}],"wp:featuredmedia":[{"embeddable":true,"href":"https:\/\/todoapulmon-rafaela.com\/index.php\/wp-json\/wp\/v2\/media\/64951"}],"wp:attachment":[{"href":"https:\/\/todoapulmon-rafaela.com\/index.php\/wp-json\/wp\/v2\/media?parent=64950"}],"wp:term":[{"taxonomy":"category","embeddable":true,"href":"https:\/\/todoapulmon-rafaela.com\/index.php\/wp-json\/wp\/v2\/categories?post=64950"},{"taxonomy":"post_tag","embeddable":true,"href":"https:\/\/todoapulmon-rafaela.com\/index.php\/wp-json\/wp\/v2\/tags?post=64950"}],"curies":[{"name":"wp","href":"https:\/\/api.w.org\/{rel}","templated":true}]}}