{"id":64921,"date":"2026-04-27T16:59:12","date_gmt":"2026-04-27T16:59:12","guid":{"rendered":"https:\/\/todoapulmon-rafaela.com\/?p=64921"},"modified":"2026-04-27T17:15:23","modified_gmt":"2026-04-27T17:15:23","slug":"beatriz-bessone-de-la-bici-al-running-sumando-alegrias-desde-el-inicio","status":"publish","type":"post","link":"https:\/\/todoapulmon-rafaela.com\/index.php\/2026\/04\/27\/beatriz-bessone-de-la-bici-al-running-sumando-alegrias-desde-el-inicio\/","title":{"rendered":"Beatriz Bessone, de la bici al running sumando alegr\u00edas desde el inicio"},"content":{"rendered":"<p>En \u00abEgusquiza Corre\u00bb las calles de esa localidad se colmaron de entusiastas aficionados al running durante la jornada del domingo.<\/p>\n<p>Una de ellas fue Beatriz Bessone, que hace unos meses decidi\u00f3 pasarse del ciclismo al \u00abtrote\u00bb, como a ella le gusta decirle a la disciplina, con la postura de disfrutar de la actividad f\u00edsica y deportiva, pero tambi\u00e9n tom\u00e1ndole el lindo gustito a la competencia dentro de sus aspiraciones.<\/p>\n<p>Por eso el primer puesto que consigui\u00f3 en los 5k de la categor\u00eda 50-54 a\u00f1os la llenaron de satisfacci\u00f3n. Su tiempo fue de 28m 14s, mejorando significativamente lo que marc\u00f3 hace algunas semanas en su primera prueba realizada en Roca.<\/p>\n<p><img loading=\"lazy\" decoding=\"async\" class=\"alignnone size-large wp-image-64923\" src=\"https:\/\/todoapulmon-rafaela.com\/wp-content\/uploads\/2026\/04\/IMG_20260427_121308_894-1125x1500.jpg\" alt=\"\" width=\"800\" height=\"1067\" srcset=\"https:\/\/todoapulmon-rafaela.com\/wp-content\/uploads\/2026\/04\/IMG_20260427_121308_894-1125x1500.jpg 1125w, https:\/\/todoapulmon-rafaela.com\/wp-content\/uploads\/2026\/04\/IMG_20260427_121308_894-225x300.jpg 225w, https:\/\/todoapulmon-rafaela.com\/wp-content\/uploads\/2026\/04\/IMG_20260427_121308_894-1152x1536.jpg 1152w, https:\/\/todoapulmon-rafaela.com\/wp-content\/uploads\/2026\/04\/IMG_20260427_121308_894.jpg 1200w\" sizes=\"(max-width: 800px) 100vw, 800px\" \/><\/p>\n<p>\u00abEstoy muy feliz con los progresos que voy teniendo, ya que hace solamente tres meses que empezamos con el entrenamiento. En esta carrera pude bajar m\u00e1s de dos minutos el tiempo respecto a la carrera anterior, donde hab\u00eda sido primera en la categor\u00eda y tercera en la general\u00bb, expres\u00f3 Bety.<\/p>\n<p>Entrenada por Alejandro Echaniz, que tambi\u00e9n es el Profe de la Escuelita de Ciclismo en el Club Ciclista, no guard\u00f3 la bici ni mucho menos. \u00abCon el ciclismo sigo, utilizando la bici de Ruta tres veces por semana, ya que es un complemento dentro del entrenamiento para el running. Hago unos 150 kil\u00f3metros por semana en ruta, alternando con los d\u00edas de pr\u00e1ctica para mi deporte actual, donde generalmente los s\u00e1bados hacemos un fondo\u00bb, explic\u00f3 aclarando que por ahora en competencia seguir\u00e1 solamente con estas pruebas de atletismo pedestre.<\/p>\n<p>La idea es continuar corriendo hasta fin de a\u00f1o 5.000 metros y desde 2027 empezar con distancias m\u00e1s largas, como los 10k.<\/p>\n","protected":false},"excerpt":{"rendered":"<p>En \u00abEgusquiza Corre\u00bb las calles de esa localidad se colmaron de entusiastas aficionados al running durante la jornada del domingo.<\/p>\n","protected":false},"author":2,"featured_media":64938,"comment_status":"closed","ping_status":"closed","sticky":false,"template":"","format":"standard","meta":{"footnotes":""},"categories":[7,24],"tags":[],"class_list":["post-64921","post","type-post","status-publish","format-standard","has-post-thumbnail","hentry","category-atletismo","category-noticias-destacadas"],"cc_featured_image_caption":{"caption_text":"Beatriz Bessone en el primer puesto del podio de su categor\u00eda en Egusquiza.","source_text":"","source_url":""},"_links":{"self":[{"href":"https:\/\/todoapulmon-rafaela.com\/index.php\/wp-json\/wp\/v2\/posts\/64921"}],"collection":[{"href":"https:\/\/todoapulmon-rafaela.com\/index.php\/wp-json\/wp\/v2\/posts"}],"about":[{"href":"https:\/\/todoapulmon-rafaela.com\/index.php\/wp-json\/wp\/v2\/types\/post"}],"author":[{"embeddable":true,"href":"https:\/\/todoapulmon-rafaela.com\/index.php\/wp-json\/wp\/v2\/users\/2"}],"replies":[{"embeddable":true,"href":"https:\/\/todoapulmon-rafaela.com\/index.php\/wp-json\/wp\/v2\/comments?post=64921"}],"version-history":[{"count":2,"href":"https:\/\/todoapulmon-rafaela.com\/index.php\/wp-json\/wp\/v2\/posts\/64921\/revisions"}],"predecessor-version":[{"id":64936,"href":"https:\/\/todoapulmon-rafaela.com\/index.php\/wp-json\/wp\/v2\/posts\/64921\/revisions\/64936"}],"wp:featuredmedia":[{"embeddable":true,"href":"https:\/\/todoapulmon-rafaela.com\/index.php\/wp-json\/wp\/v2\/media\/64938"}],"wp:attachment":[{"href":"https:\/\/todoapulmon-rafaela.com\/index.php\/wp-json\/wp\/v2\/media?parent=64921"}],"wp:term":[{"taxonomy":"category","embeddable":true,"href":"https:\/\/todoapulmon-rafaela.com\/index.php\/wp-json\/wp\/v2\/categories?post=64921"},{"taxonomy":"post_tag","embeddable":true,"href":"https:\/\/todoapulmon-rafaela.com\/index.php\/wp-json\/wp\/v2\/tags?post=64921"}],"curies":[{"name":"wp","href":"https:\/\/api.w.org\/{rel}","templated":true}]}}