{"id":64909,"date":"2026-04-27T13:20:53","date_gmt":"2026-04-27T13:20:53","guid":{"rendered":"https:\/\/todoapulmon-rafaela.com\/?p=64909"},"modified":"2026-04-27T13:20:53","modified_gmt":"2026-04-27T13:20:53","slug":"km-team-tuvo-gran-convocatoria-en-egusquiza-corre","status":"publish","type":"post","link":"https:\/\/todoapulmon-rafaela.com\/index.php\/2026\/04\/27\/km-team-tuvo-gran-convocatoria-en-egusquiza-corre\/","title":{"rendered":"KM.TEAM tuvo gran convocatoria en \u00abEgusquiza Corre\u00bb"},"content":{"rendered":"<p>Con 44 integrantes, el grupo de running KM.TEAM a cargo de Adri\u00e1n Gonz\u00e1lez tuvo una masiva participaci\u00f3n este domingo en la quinta edici\u00f3n de la prueba \u00abEgusquiza Corre\u00bb.<\/p>\n<p>En las distintas distancias estipuladas, hubo resultados destacados traducidos en 20 podios e importantes superaciones personales.<\/p>\n<p><img loading=\"lazy\" decoding=\"async\" class=\"alignnone size-full wp-image-64912\" src=\"https:\/\/todoapulmon-rafaela.com\/wp-content\/uploads\/2026\/04\/KM-Egusquiza1.jpg\" alt=\"\" width=\"720\" height=\"539\" srcset=\"https:\/\/todoapulmon-rafaela.com\/wp-content\/uploads\/2026\/04\/KM-Egusquiza1.jpg 720w, https:\/\/todoapulmon-rafaela.com\/wp-content\/uploads\/2026\/04\/KM-Egusquiza1-300x225.jpg 300w\" sizes=\"(max-width: 720px) 100vw, 720px\" \/><\/p>\n<p>A continuaci\u00f3n el resumen de sus resultados:<\/p>\n<p><strong>EN 5 KILOMETROS<\/strong><\/p>\n<p><strong>Sub 17:<\/strong> 1) Franco Santillan y Olivia S\u00e1nches (mejor marca)<br \/>\n<strong>En 18 a 24:<\/strong> 2) Marisol Ruatta y 3) Camila Vogt.<br \/>\n<strong>En 25 a 29:<\/strong> 1) Albina Rubiolo (mejor marca y 4ta general) y 3) Lucila Kuhn (mejor marca). En varones Juan Schereter fue 1ro (mejor marca).<br \/>\n<strong>30 a 34:<\/strong> 1) Nazarena Trulli.<br \/>\n<strong>35 a 39:<\/strong> 1) Gisel Buffa (mejor marca y 6ta general).<br \/>\n<strong>40 a 44:<\/strong> 3) Natalia S\u00e1nches (debut) y en varones 2do fue Adrian Gonzalez.<br \/>\n<strong>55 a 59:<\/strong> 2) Laura Gerling y 3) Lorena Navarro (debut).<br \/>\n<strong>60 a 64:<\/strong> 1) Silvio Vogt (mejor marca).<\/p>\n<p><img loading=\"lazy\" decoding=\"async\" class=\"alignnone size-full wp-image-64914\" src=\"https:\/\/todoapulmon-rafaela.com\/wp-content\/uploads\/2026\/04\/KM-Egusquiza6.jpg\" alt=\"\" width=\"718\" height=\"958\" srcset=\"https:\/\/todoapulmon-rafaela.com\/wp-content\/uploads\/2026\/04\/KM-Egusquiza6.jpg 718w, https:\/\/todoapulmon-rafaela.com\/wp-content\/uploads\/2026\/04\/KM-Egusquiza6-225x300.jpg 225w\" sizes=\"(max-width: 718px) 100vw, 718px\" \/><br \/>\nAdem\u00e1s participaron: Antonela Bonafede (mejor marca), Micaela Ferreyra (mejor marca), Luisina Cejas, Camila Cejas (debut), Sof\u00eda Grosso (mejor marca), Regina Bartolacci (debut), Valeria Gonzalez, Tatiana Acosta, Fernanda Genta (mejor marca), D\u00e9bora Saucedo (debut), Sof\u00eda Genta (debut), Lucrecia Casco (mejor marca), Natali Giuliano (mejor marca), Gisela Jara (mejor marca), Mar\u00eda Gim\u00e9nez y Franco Landriel.<\/p>\n<p><img loading=\"lazy\" decoding=\"async\" class=\"alignnone size-full wp-image-64915\" src=\"https:\/\/todoapulmon-rafaela.com\/wp-content\/uploads\/2026\/04\/KM-Egusquiza12.jpg\" alt=\"\" width=\"720\" height=\"953\" srcset=\"https:\/\/todoapulmon-rafaela.com\/wp-content\/uploads\/2026\/04\/KM-Egusquiza12.jpg 720w, https:\/\/todoapulmon-rafaela.com\/wp-content\/uploads\/2026\/04\/KM-Egusquiza12-227x300.jpg 227w\" sizes=\"(max-width: 720px) 100vw, 720px\" \/><\/p>\n<p><strong>EN 10 KILOMETROS<\/strong><\/p>\n<p><strong>18 a 24:<\/strong> 3) Guillermina Cordero.<br \/>\n<strong>25 a 29:<\/strong> 1) Agostina Gonzalez.<br \/>\n<strong>30 a 34<\/strong>: 2) Jorgelina Juarez.<br \/>\n<strong>45 a 49:<\/strong> 3) Andrea Ulmann.<br \/>\nAdem\u00e1s participaron: Antonela Gonzalez (mejor marca), Yamila Guzm\u00e1n (4ta categor\u00eda 25 a 29), Iv\u00e1n Vogt (mejor marca).<\/p>\n<p><strong>EN 21 KILOMETROS<\/strong><\/p>\n<p>Mar\u00eda Jos\u00e9 Ponce fue tercera en la general femenina y primera en su categor\u00eda de 45 a 49 a\u00f1os con mejor marca.<\/p>\n<p><img loading=\"lazy\" decoding=\"async\" class=\"alignnone size-full wp-image-64916\" src=\"https:\/\/todoapulmon-rafaela.com\/wp-content\/uploads\/2026\/04\/KM-Egusquiza7.jpg\" alt=\"\" width=\"720\" height=\"943\" srcset=\"https:\/\/todoapulmon-rafaela.com\/wp-content\/uploads\/2026\/04\/KM-Egusquiza7.jpg 720w, https:\/\/todoapulmon-rafaela.com\/wp-content\/uploads\/2026\/04\/KM-Egusquiza7-229x300.jpg 229w\" sizes=\"(max-width: 720px) 100vw, 720px\" \/><br \/>\nHugo Acosta se ubic\u00f3 primero en categor\u00eda 45 a 49 a\u00f1os.<br \/>\nFinlamente, en 3 km caminata participaron Silvina Romero, Nanci Billoud, Graciela Ricci y Anabel Favre.<\/p>\n<p>&nbsp;<\/p>\n<p>&nbsp;<\/p>\n","protected":false},"excerpt":{"rendered":"<p>Con 44 integrantes, el grupo de running KM.TEAM a cargo de Adri\u00e1n Gonz\u00e1lez tuvo una masiva participaci\u00f3n este domingo en<\/p>\n","protected":false},"author":2,"featured_media":64911,"comment_status":"closed","ping_status":"closed","sticky":false,"template":"","format":"standard","meta":{"footnotes":""},"categories":[7,24],"tags":[],"class_list":["post-64909","post","type-post","status-publish","format-standard","has-post-thumbnail","hentry","category-atletismo","category-noticias-destacadas"],"cc_featured_image_caption":{"caption_text":"","source_text":"","source_url":""},"_links":{"self":[{"href":"https:\/\/todoapulmon-rafaela.com\/index.php\/wp-json\/wp\/v2\/posts\/64909"}],"collection":[{"href":"https:\/\/todoapulmon-rafaela.com\/index.php\/wp-json\/wp\/v2\/posts"}],"about":[{"href":"https:\/\/todoapulmon-rafaela.com\/index.php\/wp-json\/wp\/v2\/types\/post"}],"author":[{"embeddable":true,"href":"https:\/\/todoapulmon-rafaela.com\/index.php\/wp-json\/wp\/v2\/users\/2"}],"replies":[{"embeddable":true,"href":"https:\/\/todoapulmon-rafaela.com\/index.php\/wp-json\/wp\/v2\/comments?post=64909"}],"version-history":[{"count":2,"href":"https:\/\/todoapulmon-rafaela.com\/index.php\/wp-json\/wp\/v2\/posts\/64909\/revisions"}],"predecessor-version":[{"id":64917,"href":"https:\/\/todoapulmon-rafaela.com\/index.php\/wp-json\/wp\/v2\/posts\/64909\/revisions\/64917"}],"wp:featuredmedia":[{"embeddable":true,"href":"https:\/\/todoapulmon-rafaela.com\/index.php\/wp-json\/wp\/v2\/media\/64911"}],"wp:attachment":[{"href":"https:\/\/todoapulmon-rafaela.com\/index.php\/wp-json\/wp\/v2\/media?parent=64909"}],"wp:term":[{"taxonomy":"category","embeddable":true,"href":"https:\/\/todoapulmon-rafaela.com\/index.php\/wp-json\/wp\/v2\/categories?post=64909"},{"taxonomy":"post_tag","embeddable":true,"href":"https:\/\/todoapulmon-rafaela.com\/index.php\/wp-json\/wp\/v2\/tags?post=64909"}],"curies":[{"name":"wp","href":"https:\/\/api.w.org\/{rel}","templated":true}]}}