{"id":64904,"date":"2026-04-27T12:01:12","date_gmt":"2026-04-27T12:01:12","guid":{"rendered":"https:\/\/todoapulmon-rafaela.com\/?p=64904"},"modified":"2026-04-27T12:02:45","modified_gmt":"2026-04-27T12:02:45","slug":"a-20-anos-de-un-titulo-internacional-inolvidable-para-ben-hur","status":"publish","type":"post","link":"https:\/\/todoapulmon-rafaela.com\/index.php\/2026\/04\/27\/a-20-anos-de-un-titulo-internacional-inolvidable-para-ben-hur\/","title":{"rendered":"A 20 a\u00f1os de un t\u00edtulo internacional inolvidable para Ben Hur"},"content":{"rendered":"<p>El 27 de abril de 2006 el b\u00e1squet de la ciudad escrib\u00eda una de sus p\u00e1ginas m\u00e1s gloriosas. Ben Hur superaba a Ribeirao Preto de Brasil en la final de la Liga Sudamericana por 86 a 71 y se consagraba campe\u00f3n de ese torneo internacional.<br \/>\nAquel extraordinario e inolvidable equipo conducido por Julio Lamas ratificaba as\u00ed su gran momento ya que ven\u00eda de conseguir, hac\u00eda menos de un a\u00f1o, el t\u00edtulo en la Liga Nacional.<br \/>\nEl Coliseo del Sur, colmado con 4000 espectadores fue el escenario de dicha definici\u00f3n. Leo Guti\u00e9rrez fue el MVP del encuentro decisivo con 24 puntos (6 de 7 triples) y 7 rebotes.<\/p>\n<p>As\u00ed ese plantel cerraba un c\u00edrculo brillante, ya que en esa misma temporada fue semifinalista de la LNB.<\/p>\n<p><strong>La campa\u00f1a<br \/>\n<\/strong>Grupo A (En Brasilia): Ben Hur 101 vs San Jos\u00e9 de Paraguay 80; Ben Hur 93 vs Aguada de Uruguay 72; Universo BRB de Brasil 84 vs Ben Hur 94. Cuartos de final: Boca Juniors 75 vs Ben Hur 84; Ben Hur 80 vs Boca Juniors 65. Semifinal: Uberlandia de Brasil 80 vs Ben Hur 75; Ben Hur 77 vs Uberlandia 71; Ben Hur 85 vs Uberlandia 83. Final: Ribeirao Preto de Brasil 81 vs Ben Hur 96; Ribeirao Preto 79 vs Ben Hur 76; Ben Hur 97 vs Ribeir\u00e3o Preto 84; Ben Hur 86 vs Ribeir\u00e3o Preto 71.<\/p>\n<p><strong>El plantel<br \/>\n<\/strong>Leonardo Guti\u00e9rrez, Raymundo Legaria, Diego Garc\u00eda, Ramzee Stanton, Jason Osborne, Walter Storani, Felipe Ederra, Mart\u00edn Vaquero, El\u00edas Saad, Ignacio Revellino, Jonathan Machuca, Phillip Locket y Leonardo Else. DT: Julio Lamas.<\/p>\n","protected":false},"excerpt":{"rendered":"<p>El 27 de abril de 2006 el b\u00e1squet de la ciudad escrib\u00eda una de sus p\u00e1ginas m\u00e1s gloriosas. Ben Hur<\/p>\n","protected":false},"author":2,"featured_media":64905,"comment_status":"closed","ping_status":"closed","sticky":false,"template":"","format":"standard","meta":{"footnotes":""},"categories":[5,24],"tags":[],"class_list":["post-64904","post","type-post","status-publish","format-standard","has-post-thumbnail","hentry","category-basquet","category-noticias-destacadas"],"cc_featured_image_caption":{"caption_text":"FOTO PRENSA BEN HUR","source_text":"","source_url":""},"_links":{"self":[{"href":"https:\/\/todoapulmon-rafaela.com\/index.php\/wp-json\/wp\/v2\/posts\/64904"}],"collection":[{"href":"https:\/\/todoapulmon-rafaela.com\/index.php\/wp-json\/wp\/v2\/posts"}],"about":[{"href":"https:\/\/todoapulmon-rafaela.com\/index.php\/wp-json\/wp\/v2\/types\/post"}],"author":[{"embeddable":true,"href":"https:\/\/todoapulmon-rafaela.com\/index.php\/wp-json\/wp\/v2\/users\/2"}],"replies":[{"embeddable":true,"href":"https:\/\/todoapulmon-rafaela.com\/index.php\/wp-json\/wp\/v2\/comments?post=64904"}],"version-history":[{"count":3,"href":"https:\/\/todoapulmon-rafaela.com\/index.php\/wp-json\/wp\/v2\/posts\/64904\/revisions"}],"predecessor-version":[{"id":64908,"href":"https:\/\/todoapulmon-rafaela.com\/index.php\/wp-json\/wp\/v2\/posts\/64904\/revisions\/64908"}],"wp:featuredmedia":[{"embeddable":true,"href":"https:\/\/todoapulmon-rafaela.com\/index.php\/wp-json\/wp\/v2\/media\/64905"}],"wp:attachment":[{"href":"https:\/\/todoapulmon-rafaela.com\/index.php\/wp-json\/wp\/v2\/media?parent=64904"}],"wp:term":[{"taxonomy":"category","embeddable":true,"href":"https:\/\/todoapulmon-rafaela.com\/index.php\/wp-json\/wp\/v2\/categories?post=64904"},{"taxonomy":"post_tag","embeddable":true,"href":"https:\/\/todoapulmon-rafaela.com\/index.php\/wp-json\/wp\/v2\/tags?post=64904"}],"curies":[{"name":"wp","href":"https:\/\/api.w.org\/{rel}","templated":true}]}}