{"id":64900,"date":"2026-04-27T11:42:03","date_gmt":"2026-04-27T11:42:03","guid":{"rendered":"https:\/\/todoapulmon-rafaela.com\/?p=64900"},"modified":"2026-04-27T11:50:48","modified_gmt":"2026-04-27T11:50:48","slug":"emilia-acosta-competira-con-la-seleccion-en-eslovenia-y-brasil","status":"publish","type":"post","link":"https:\/\/todoapulmon-rafaela.com\/index.php\/2026\/04\/27\/emilia-acosta-competira-con-la-seleccion-en-eslovenia-y-brasil\/","title":{"rendered":"Emilia Acosta competir\u00e1 con la selecci\u00f3n en Eslovenia y Brasil"},"content":{"rendered":"<p>Emilia Acosta formar\u00e1 parte de la selecci\u00f3n Argentina adultos de gimnasia art\u00edstica que nos representar\u00e1 en la Copa del Mundo Koper, a realizarse en Eslovenia en el mes de mayo (28 al 31), y del Panamericano adulto que tendr\u00e1 como sede la ciudad de R\u00edo de Janeiro, Brasil, en junio.<\/p>\n<p>La confirmaci\u00f3n de la designaci\u00f3n se dio luego del Selectivo realizado la semana pasada en el CENARD, en Buenos Aires, donde tambi\u00e9n particip\u00f3 su compa\u00f1era en CREAR Club, Luc\u00eda Gonz\u00e1lez.<\/p>\n<p>De tal modo se viene un nuevo y exigente desaf\u00edo internacional para la deportista entrenada por V\u00edctor Ingaramo.<\/p>\n","protected":false},"excerpt":{"rendered":"<p>Emilia Acosta formar\u00e1 parte de la selecci\u00f3n Argentina adultos de gimnasia art\u00edstica que nos representar\u00e1 en la Copa del Mundo<\/p>\n","protected":false},"author":2,"featured_media":64903,"comment_status":"closed","ping_status":"closed","sticky":false,"template":"","format":"standard","meta":{"footnotes":""},"categories":[24],"tags":[],"class_list":["post-64900","post","type-post","status-publish","format-standard","has-post-thumbnail","hentry","category-noticias-destacadas"],"cc_featured_image_caption":{"caption_text":"","source_text":"","source_url":""},"_links":{"self":[{"href":"https:\/\/todoapulmon-rafaela.com\/index.php\/wp-json\/wp\/v2\/posts\/64900"}],"collection":[{"href":"https:\/\/todoapulmon-rafaela.com\/index.php\/wp-json\/wp\/v2\/posts"}],"about":[{"href":"https:\/\/todoapulmon-rafaela.com\/index.php\/wp-json\/wp\/v2\/types\/post"}],"author":[{"embeddable":true,"href":"https:\/\/todoapulmon-rafaela.com\/index.php\/wp-json\/wp\/v2\/users\/2"}],"replies":[{"embeddable":true,"href":"https:\/\/todoapulmon-rafaela.com\/index.php\/wp-json\/wp\/v2\/comments?post=64900"}],"version-history":[{"count":1,"href":"https:\/\/todoapulmon-rafaela.com\/index.php\/wp-json\/wp\/v2\/posts\/64900\/revisions"}],"predecessor-version":[{"id":64902,"href":"https:\/\/todoapulmon-rafaela.com\/index.php\/wp-json\/wp\/v2\/posts\/64900\/revisions\/64902"}],"wp:featuredmedia":[{"embeddable":true,"href":"https:\/\/todoapulmon-rafaela.com\/index.php\/wp-json\/wp\/v2\/media\/64903"}],"wp:attachment":[{"href":"https:\/\/todoapulmon-rafaela.com\/index.php\/wp-json\/wp\/v2\/media?parent=64900"}],"wp:term":[{"taxonomy":"category","embeddable":true,"href":"https:\/\/todoapulmon-rafaela.com\/index.php\/wp-json\/wp\/v2\/categories?post=64900"},{"taxonomy":"post_tag","embeddable":true,"href":"https:\/\/todoapulmon-rafaela.com\/index.php\/wp-json\/wp\/v2\/tags?post=64900"}],"curies":[{"name":"wp","href":"https:\/\/api.w.org\/{rel}","templated":true}]}}