{"id":6489,"date":"2017-05-14T14:17:37","date_gmt":"2017-05-14T14:17:37","guid":{"rendered":"http:\/\/todoapulmon-rafaela.com\/?p=6489"},"modified":"2017-05-14T14:17:37","modified_gmt":"2017-05-14T14:17:37","slug":"mariela-delgado-gano-el-oro-en-la-copa-del-mundo-de-maniago","status":"publish","type":"post","link":"https:\/\/todoapulmon-rafaela.com\/index.php\/2017\/05\/14\/mariela-delgado-gano-el-oro-en-la-copa-del-mundo-de-maniago\/","title":{"rendered":"Mariela Delgado gan\u00f3 el oro en la Copa del Mundo de Maniago"},"content":{"rendered":"<h3><\/h3>\n<p><b>\u00a0<\/b>En Maniago, Italia, se desarrolla la Copa del Mundo de ciclismo adaptado. Este domingo fue el turno de las pruebas de gran fondo en ruta, donde en la categor\u00eda\u00a0C5 se impuso Mariela Delgado.<\/p>\n<p>La misionera formada deportivamente en Rafaela consigui\u00f3 un gran triunfo para el equipo argentino, dirigido por Juan Carlos L\u00f3pez y Mart\u00edn Ferrari. En el segundo puesto qued\u00f3 Samantha Bosco (Estados Unidos) y tercera fue Paula Ossa (Colombia).<\/p>\n<p>El viernes se hab\u00edan desarrollado las competencias de contrarreloj, donde\u00a0Rodrigo L\u00f3pez (C1) fue 8\u00b0 en su categor\u00eda; Mariela Delgado\u00a0(C5) fue 5\u00aa, y los t\u00e1ndem tambi\u00e9n hicieron grandes tiempos: Maximiliano Vaquero-Sebasti\u00e1n Tolosa fueron 13os. y Ezequiel Romero-Ra\u00fal Villalba, 16os.<\/p>\n<p>&nbsp;<\/p>\n","protected":false},"excerpt":{"rendered":"<p>\u00a0En Maniago, Italia, se desarrolla la Copa del Mundo de ciclismo adaptado. Este domingo fue el turno de las pruebas<\/p>\n","protected":false},"author":2,"featured_media":6490,"comment_status":"open","ping_status":"open","sticky":false,"template":"","format":"standard","meta":{"footnotes":""},"categories":[4,24],"tags":[],"class_list":["post-6489","post","type-post","status-publish","format-standard","has-post-thumbnail","hentry","category-ciclismo","category-noticias-destacadas"],"cc_featured_image_caption":{"caption_text":"Mariela Delgado consigui\u00f3 un gran triunfo en Maniago (foto M. Ferrari).","source_text":"","source_url":""},"_links":{"self":[{"href":"https:\/\/todoapulmon-rafaela.com\/index.php\/wp-json\/wp\/v2\/posts\/6489"}],"collection":[{"href":"https:\/\/todoapulmon-rafaela.com\/index.php\/wp-json\/wp\/v2\/posts"}],"about":[{"href":"https:\/\/todoapulmon-rafaela.com\/index.php\/wp-json\/wp\/v2\/types\/post"}],"author":[{"embeddable":true,"href":"https:\/\/todoapulmon-rafaela.com\/index.php\/wp-json\/wp\/v2\/users\/2"}],"replies":[{"embeddable":true,"href":"https:\/\/todoapulmon-rafaela.com\/index.php\/wp-json\/wp\/v2\/comments?post=6489"}],"version-history":[{"count":1,"href":"https:\/\/todoapulmon-rafaela.com\/index.php\/wp-json\/wp\/v2\/posts\/6489\/revisions"}],"predecessor-version":[{"id":6491,"href":"https:\/\/todoapulmon-rafaela.com\/index.php\/wp-json\/wp\/v2\/posts\/6489\/revisions\/6491"}],"wp:featuredmedia":[{"embeddable":true,"href":"https:\/\/todoapulmon-rafaela.com\/index.php\/wp-json\/wp\/v2\/media\/6490"}],"wp:attachment":[{"href":"https:\/\/todoapulmon-rafaela.com\/index.php\/wp-json\/wp\/v2\/media?parent=6489"}],"wp:term":[{"taxonomy":"category","embeddable":true,"href":"https:\/\/todoapulmon-rafaela.com\/index.php\/wp-json\/wp\/v2\/categories?post=6489"},{"taxonomy":"post_tag","embeddable":true,"href":"https:\/\/todoapulmon-rafaela.com\/index.php\/wp-json\/wp\/v2\/tags?post=6489"}],"curies":[{"name":"wp","href":"https:\/\/api.w.org\/{rel}","templated":true}]}}