{"id":64288,"date":"2026-04-07T15:13:59","date_gmt":"2026-04-07T15:13:59","guid":{"rendered":"https:\/\/todoapulmon-rafaela.com\/?p=64288"},"modified":"2026-04-07T15:13:59","modified_gmt":"2026-04-07T15:13:59","slug":"la-copa-santa-fe-arranca-el-sabado-en-san-guillermo","status":"publish","type":"post","link":"https:\/\/todoapulmon-rafaela.com\/index.php\/2026\/04\/07\/la-copa-santa-fe-arranca-el-sabado-en-san-guillermo\/","title":{"rendered":"La Copa Santa Fe arranca el s\u00e1bado en San Guillermo"},"content":{"rendered":"<p>La localidad de San Guillermo finalmente ser\u00e1 la sede inicial, el pr\u00f3ximo s\u00e1bado 11 de abril, de la primera fecha de la Copa Santa Fe de Atletismo. La pista \u00abEdmundo Tito Parola\u00bb del Club Uni\u00f3n Cultural y Deportiva recibir\u00e1 las distintas delegaciones que le dar\u00e1n forma al\u00a0 primera fecha de esta competencia promovida por la Federaci\u00f3n Santafesina y el gobierno provincial.<\/p>\n<p>Respecto a la participaci\u00f3n administrativa, las inscripciones deben ser realizadas por las respectivas Asociaciones a trav\u00e9s del sistema oficial de la CADA, estableci\u00e9ndose como plazo m\u00e1ximo para el registro el d\u00eda mi\u00e9rcoles 8 de abril a las 24:00 horas.<\/p>\n<p>La actividad competitiva en pista y campo comenzar\u00e1 puntualmente a las 9:30 horas, ofreciendo un cronograma integral que abarca una amplia variedad de pruebas para las categor\u00edas Mayores y U16.<\/p>\n<p>Es importante destacar que, en esta edici\u00f3n, la Copa tambi\u00e9n contar\u00e1 con la participaci\u00f3n de atletas en las pruebas de atletismo adaptado, reafirmando el compromiso con la inclusi\u00f3n y el crecimiento de todas las modalidades de nuestra disciplina.<\/p>\n<p>Recordemos que originalmente la Copa iba a comenzar el s\u00e1bado pasado en Rosario, pero debi\u00f3 suspenderse la programaci\u00f3n por las lluvias y da\u00f1os provocados por la tormenta en el predio de la pista \u00abJorge Newbery\u00bb.<\/p>\n","protected":false},"excerpt":{"rendered":"<p>La localidad de San Guillermo finalmente ser\u00e1 la sede inicial, el pr\u00f3ximo s\u00e1bado 11 de abril, de la primera fecha<\/p>\n","protected":false},"author":2,"featured_media":64289,"comment_status":"closed","ping_status":"closed","sticky":false,"template":"","format":"standard","meta":{"footnotes":""},"categories":[7,24],"tags":[],"class_list":["post-64288","post","type-post","status-publish","format-standard","has-post-thumbnail","hentry","category-atletismo","category-noticias-destacadas"],"cc_featured_image_caption":{"caption_text":"","source_text":"","source_url":""},"_links":{"self":[{"href":"https:\/\/todoapulmon-rafaela.com\/index.php\/wp-json\/wp\/v2\/posts\/64288"}],"collection":[{"href":"https:\/\/todoapulmon-rafaela.com\/index.php\/wp-json\/wp\/v2\/posts"}],"about":[{"href":"https:\/\/todoapulmon-rafaela.com\/index.php\/wp-json\/wp\/v2\/types\/post"}],"author":[{"embeddable":true,"href":"https:\/\/todoapulmon-rafaela.com\/index.php\/wp-json\/wp\/v2\/users\/2"}],"replies":[{"embeddable":true,"href":"https:\/\/todoapulmon-rafaela.com\/index.php\/wp-json\/wp\/v2\/comments?post=64288"}],"version-history":[{"count":1,"href":"https:\/\/todoapulmon-rafaela.com\/index.php\/wp-json\/wp\/v2\/posts\/64288\/revisions"}],"predecessor-version":[{"id":64290,"href":"https:\/\/todoapulmon-rafaela.com\/index.php\/wp-json\/wp\/v2\/posts\/64288\/revisions\/64290"}],"wp:featuredmedia":[{"embeddable":true,"href":"https:\/\/todoapulmon-rafaela.com\/index.php\/wp-json\/wp\/v2\/media\/64289"}],"wp:attachment":[{"href":"https:\/\/todoapulmon-rafaela.com\/index.php\/wp-json\/wp\/v2\/media?parent=64288"}],"wp:term":[{"taxonomy":"category","embeddable":true,"href":"https:\/\/todoapulmon-rafaela.com\/index.php\/wp-json\/wp\/v2\/categories?post=64288"},{"taxonomy":"post_tag","embeddable":true,"href":"https:\/\/todoapulmon-rafaela.com\/index.php\/wp-json\/wp\/v2\/tags?post=64288"}],"curies":[{"name":"wp","href":"https:\/\/api.w.org\/{rel}","templated":true}]}}