{"id":6403,"date":"2017-05-11T12:17:49","date_gmt":"2017-05-11T12:17:49","guid":{"rendered":"http:\/\/todoapulmon-rafaela.com\/?p=6403"},"modified":"2017-05-11T12:17:49","modified_gmt":"2017-05-11T12:17:49","slug":"se-viene-el-provincial-sub-15-2","status":"publish","type":"post","link":"https:\/\/todoapulmon-rafaela.com\/index.php\/2017\/05\/11\/se-viene-el-provincial-sub-15-2\/","title":{"rendered":"Se viene el Provincial Sub 15"},"content":{"rendered":"<p>Los d\u00edas 13 y 14 de mayo se desarrollar\u00e1 en San Jer\u00f3nimo Norte el torneo Interasociaciones de la categor\u00eda Sub 15, fiscalizado por la Federaci\u00f3n Santafesina de Voleibol.<\/p>\n<p>En la rama femenina, el seleccionado de la Asociaci\u00f3n Rafaelina ser\u00e1 dirigido por Yesica Rivero, entrenadora de Uni\u00f3n de Sunchales, mientras que como asistente se desempe\u00f1ar\u00e1 Juan P. Falc\u00f3n, de Libertad. Los rivales en la fase clasificatoria ser\u00e1n Noroeste Santafesino, Rosario y la Asociaci\u00f3n de Voley del Sur.<\/p>\n<p>\u00abEl objetivo es estar de mitad de tabla para arriba. Venimos prepar\u00e1ndonos hace un mes, con un primer entrenamiento abierto con 24 jugadoras de todos los clubes de la Asociaci\u00f3n. Luego la lista se achic\u00f3 a 18 y el fin de semana pasado participamos del Grand Prix Sub 19 como un equipo mas, lo cual nos permiti\u00f3 ver al equipo, conocerse y con esos cuatro partidos se vio una buena evoluci\u00f3n\u00bb, expres\u00f3 Yesica Rivero en Todo a Pulm\u00f3n radio.<\/p>\n<p>El plantel est\u00e1 integrado por: Camila Mu\u00f1oz (Libertad),\u00a0Violeta Ambrogi(Atl\u00e9tico),\u00a0Sabrina Leiva (Uni\u00f3n),\u00a0Valentina Blanco (Uni\u00f3n),\u00a0Jazmin Ver\u00f3n (Libertad),\u00a0Camila Silva (9 de Julio),\u00a0Julieta Portianka (Uni\u00f3n), Gina Banella (Uni\u00f3n),\u00a0Angelina Tosello (Libertad),\u00a0Julieta Hoffmann (Atl\u00e9tico),\u00a0Sof\u00eda Ardissono (Uni\u00f3n), Rosario Esquivel (Libertad),\u00a0Irina Obreg\u00f3n (Uni\u00f3n) y\u00a0Angelina Bircher (Libertad).<\/p>\n<figure id=\"attachment_6406\" aria-describedby=\"caption-attachment-6406\" style=\"width: 225px\" class=\"wp-caption alignnone\"><img loading=\"lazy\" decoding=\"async\" class=\"size-medium wp-image-6406\" src=\"http:\/\/todoapulmon-rafaela.com\/wp-content\/uploads\/2017\/05\/Hoffman-Ambroggi-1-225x300.jpg\" alt=\"Violeta Ambrogi y Julieta Hoffmann, de Atl\u00e9tico.\" width=\"225\" height=\"300\" srcset=\"https:\/\/todoapulmon-rafaela.com\/wp-content\/uploads\/2017\/05\/Hoffman-Ambroggi-1-225x300.jpg 225w, https:\/\/todoapulmon-rafaela.com\/wp-content\/uploads\/2017\/05\/Hoffman-Ambroggi-1-768x1024.jpg 768w, https:\/\/todoapulmon-rafaela.com\/wp-content\/uploads\/2017\/05\/Hoffman-Ambroggi-1.jpg 1920w\" sizes=\"(max-width: 225px) 100vw, 225px\" \/><figcaption id=\"caption-attachment-6406\" class=\"wp-caption-text\">Violeta Ambrogi y Julieta Hoffmann, de Atl\u00e9tico.<\/figcaption><\/figure>\n","protected":false},"excerpt":{"rendered":"<p>Los d\u00edas 13 y 14 de mayo se desarrollar\u00e1 en San Jer\u00f3nimo Norte el torneo Interasociaciones de la categor\u00eda Sub<\/p>\n","protected":false},"author":2,"featured_media":6404,"comment_status":"open","ping_status":"open","sticky":false,"template":"","format":"standard","meta":{"footnotes":""},"categories":[24,16],"tags":[],"class_list":["post-6403","post","type-post","status-publish","format-standard","has-post-thumbnail","hentry","category-noticias-destacadas","category-voley"],"cc_featured_image_caption":{"caption_text":"El seleccionado de la ARV - VG que estar\u00e1 participando en San Jer\u00f3nimo Norte. (Foto Voley Atl\u00e9tico de Rafaela).","source_text":"","source_url":""},"_links":{"self":[{"href":"https:\/\/todoapulmon-rafaela.com\/index.php\/wp-json\/wp\/v2\/posts\/6403"}],"collection":[{"href":"https:\/\/todoapulmon-rafaela.com\/index.php\/wp-json\/wp\/v2\/posts"}],"about":[{"href":"https:\/\/todoapulmon-rafaela.com\/index.php\/wp-json\/wp\/v2\/types\/post"}],"author":[{"embeddable":true,"href":"https:\/\/todoapulmon-rafaela.com\/index.php\/wp-json\/wp\/v2\/users\/2"}],"replies":[{"embeddable":true,"href":"https:\/\/todoapulmon-rafaela.com\/index.php\/wp-json\/wp\/v2\/comments?post=6403"}],"version-history":[{"count":1,"href":"https:\/\/todoapulmon-rafaela.com\/index.php\/wp-json\/wp\/v2\/posts\/6403\/revisions"}],"predecessor-version":[{"id":6407,"href":"https:\/\/todoapulmon-rafaela.com\/index.php\/wp-json\/wp\/v2\/posts\/6403\/revisions\/6407"}],"wp:featuredmedia":[{"embeddable":true,"href":"https:\/\/todoapulmon-rafaela.com\/index.php\/wp-json\/wp\/v2\/media\/6404"}],"wp:attachment":[{"href":"https:\/\/todoapulmon-rafaela.com\/index.php\/wp-json\/wp\/v2\/media?parent=6403"}],"wp:term":[{"taxonomy":"category","embeddable":true,"href":"https:\/\/todoapulmon-rafaela.com\/index.php\/wp-json\/wp\/v2\/categories?post=6403"},{"taxonomy":"post_tag","embeddable":true,"href":"https:\/\/todoapulmon-rafaela.com\/index.php\/wp-json\/wp\/v2\/tags?post=6403"}],"curies":[{"name":"wp","href":"https:\/\/api.w.org\/{rel}","templated":true}]}}