{"id":6391,"date":"2017-05-10T13:36:43","date_gmt":"2017-05-10T13:36:43","guid":{"rendered":"http:\/\/todoapulmon-rafaela.com\/?p=6391"},"modified":"2017-05-10T13:36:43","modified_gmt":"2017-05-10T13:36:43","slug":"los-nombres-de-la-seleccion-que-concentra-en-rafaela","status":"publish","type":"post","link":"https:\/\/todoapulmon-rafaela.com\/index.php\/2017\/05\/10\/los-nombres-de-la-seleccion-que-concentra-en-rafaela\/","title":{"rendered":"Los nombres de la selecci\u00f3n que concentra en Rafaela"},"content":{"rendered":"<div>El Seleccionado Nacional Femenino U16, que integran las jugadoras de Ben Hur, Candela Gentinetta y Luc\u00eda Operto, estar\u00e1 concentrando en Rafaela siguiendo con su preparaci\u00f3n en vistas al FIBA Am\u00e9ricas que se disputar\u00e1 en instalaciones del Cenard del 7 al 11 de junio y el cual es clasificatorio para el Mundial 2018.<\/div>\n<div><\/div>\n<div>La actividad en nuestra ciudad se pondr\u00e1 en marcha el lunes, recordando que se jugar\u00e1n tres encuentros amistosos los d\u00edas 16, 17 y 18 de junio. Los partidos de preparaci\u00f3n ser\u00e1n ante el seleccionado de Primera Femenino de la ARB, el seleccionado masculino U15 que recientemente particip\u00f3 del Provincial y el plantel U17 de Sportivo Ben Hur.<\/div>\n<div><\/div>\n<div>En las \u00faltimas horas, la Confederaci\u00f3n Argentina anunci\u00f3 las jugadoras que fueron convocadas para seguir con la preparaci\u00f3n.<\/div>\n<div><\/div>\n<div>Luc\u00eda Operto (Sportivo Ben Hur)<\/div>\n<div>Candela Gentinetta (Sportivo Ben Hur)<\/div>\n<div>Victoria Gauna (Talleres de Mendoza)<\/div>\n<div>Roc\u00edo Bereilh (Pe\u00f1arol de Mar del Plata)<\/div>\n<div>Sof\u00eda Acevedo (Atl\u00e9tico Lan\u00fas)<\/div>\n<div>Brenda Fontana (V\u00e9lez S\u00e1rsfield)<\/div>\n<div>Florencia Chagas (Deportivo Berazategui)<\/div>\n<div>Dalma Piri (Racing de San Crist\u00f3bal)<\/div>\n<div>Ariana Rugna (Centro Galicia)<\/div>\n<div>Roc\u00edo Cejas (Berazategui)<\/div>\n<div>Luciana Ricotti (Deportivo Derqui)<\/div>\n<div>Malvina Dagostino (Talleres de Mendoza)<\/div>\n<div>Martina Torres (Atl\u00e9tico Lan\u00fas)<\/div>\n<div><\/div>\n<div>El evento ser\u00e1 declarado de Inter\u00e9s Municipal y Provincial, teniendo Rafaela y la regi\u00f3n la gran chance de poder ver a las futuras estrellas del b\u00e1squet femenino del pa\u00eds.<\/div>\n","protected":false},"excerpt":{"rendered":"<p>El Seleccionado Nacional Femenino U16, que integran las jugadoras de Ben Hur, Candela Gentinetta y Luc\u00eda Operto, estar\u00e1 concentrando en<\/p>\n","protected":false},"author":2,"featured_media":6386,"comment_status":"open","ping_status":"open","sticky":false,"template":"","format":"standard","meta":{"footnotes":""},"categories":[5,24],"tags":[],"class_list":["post-6391","post","type-post","status-publish","format-standard","has-post-thumbnail","hentry","category-basquet","category-noticias-destacadas"],"cc_featured_image_caption":{"caption_text":"El equipo argentino con Gentinetta y Operto se prepara para el Premundial.","source_text":"","source_url":""},"_links":{"self":[{"href":"https:\/\/todoapulmon-rafaela.com\/index.php\/wp-json\/wp\/v2\/posts\/6391"}],"collection":[{"href":"https:\/\/todoapulmon-rafaela.com\/index.php\/wp-json\/wp\/v2\/posts"}],"about":[{"href":"https:\/\/todoapulmon-rafaela.com\/index.php\/wp-json\/wp\/v2\/types\/post"}],"author":[{"embeddable":true,"href":"https:\/\/todoapulmon-rafaela.com\/index.php\/wp-json\/wp\/v2\/users\/2"}],"replies":[{"embeddable":true,"href":"https:\/\/todoapulmon-rafaela.com\/index.php\/wp-json\/wp\/v2\/comments?post=6391"}],"version-history":[{"count":1,"href":"https:\/\/todoapulmon-rafaela.com\/index.php\/wp-json\/wp\/v2\/posts\/6391\/revisions"}],"predecessor-version":[{"id":6392,"href":"https:\/\/todoapulmon-rafaela.com\/index.php\/wp-json\/wp\/v2\/posts\/6391\/revisions\/6392"}],"wp:featuredmedia":[{"embeddable":true,"href":"https:\/\/todoapulmon-rafaela.com\/index.php\/wp-json\/wp\/v2\/media\/6386"}],"wp:attachment":[{"href":"https:\/\/todoapulmon-rafaela.com\/index.php\/wp-json\/wp\/v2\/media?parent=6391"}],"wp:term":[{"taxonomy":"category","embeddable":true,"href":"https:\/\/todoapulmon-rafaela.com\/index.php\/wp-json\/wp\/v2\/categories?post=6391"},{"taxonomy":"post_tag","embeddable":true,"href":"https:\/\/todoapulmon-rafaela.com\/index.php\/wp-json\/wp\/v2\/tags?post=6391"}],"curies":[{"name":"wp","href":"https:\/\/api.w.org\/{rel}","templated":true}]}}