{"id":6360,"date":"2017-05-08T23:31:17","date_gmt":"2017-05-08T23:31:17","guid":{"rendered":"http:\/\/todoapulmon-rafaela.com\/?p=6360"},"modified":"2017-05-08T23:31:17","modified_gmt":"2017-05-08T23:31:17","slug":"estoy-muy-feliz-con-todo-el-carino-que-recibi-de-brasil","status":"publish","type":"post","link":"https:\/\/todoapulmon-rafaela.com\/index.php\/2017\/05\/08\/estoy-muy-feliz-con-todo-el-carino-que-recibi-de-brasil\/","title":{"rendered":"\u00abEstoy muy feliz con todo el cari\u00f1o que recib\u00ed de Brasil\u00bb"},"content":{"rendered":"<p>Este lunes comenzamos la semana de Todo a Pulm\u00f3n radio conversando con Melisa Gretter. En uno de los momentos m\u00e1s felices de la jugadora rafaelina en el plano deportivo, nos cont\u00f3 las sensaciones del t\u00edtulo en la Liga de Brasil con el Americana Corinthians y el regreso al pa\u00eds para incorporarse a Uni\u00f3n Florida de Buenos Aires, protagonista de la nueva competencia profesional a nivel femenino en nuestro pa\u00eds.<\/p>\n<p>Tambi\u00e9n tocamos el tema de la selecci\u00f3n argentina. A modo de resumen, frases salientes de la nota y el audio completo:<\/p>\n<ul>\n<li>\u00abEstoy muy contenta con la final que pudimos ganar en Brasil. Creo que la semifinal es mas complicada que la final, le ganamos a Sampaio que el a\u00f1o pasado nos hab\u00eda ganado, y luego en la final conoc\u00edamos que enfrentar\u00edamos un Recife fuerte, arrancamos mal porque empezamos perdiendo de local, pero luego supimos cambiar el chip, revertimos la local\u00eda y trajimos el quinto juego en nuestra casa, con toda esa gente maravillosa que nos fue a apoyar en la final\u00bb.<\/li>\n<li>\u00abEstoy muy feliz con todo el cari\u00f1o que recib\u00ed de Brasil, de la gente de afuera, del cuepo t\u00e9cnico, mis compa\u00f1eras. Para mi eso es algo muy importante\u00bb.<\/li>\n<li>.\u00bbLegu\u00e9 mi\u00e9rcoles, entren\u00e9 jueves y viernes, jugamos el s\u00e1bado y ganamos en el debut que es importante (ante V\u00e9lez por 69 a 48). El incentivo de traer extranjeras ayuda a que el torneo sea mas fuerte, esperemos que sigan apoyando al basquet femenino\u00bb.<\/li>\n<li>\u00abTenemos el Premundial en casa, pero es un torneo muy dif\u00edcil y tenemos que estar de la mejor manera. Las que vamos llegando de afuera nos vamos a ir sumando al grupo que ya entrenaba\u00bb.<\/li>\n<li>\u00abQueremos clasificar a un Mundial, hace cuatro a\u00f1os en el proceso que arranc\u00f3 Cristian Santander no lo pudimos lograr. Es el gran desaf\u00edo del a\u00f1o, uno quiere lograr siempre las mejores cosas con la selecci\u00f3n\u00bb.<\/li>\n<li>\u00abCuando estoy afuera trato de seguir todas las noticias, que dos chicas de Rafaela sigan representando a nuestra ciudad en selecciones es muy lindo. En Buenos Aires si puedo voy a a ir a alentarlas para apoyarlas\u00bb (sobre Candela Gentinetta y Luc\u00eda Operto).<\/li>\n<li>\u00abNo habl\u00e9 con mi representante todav\u00eda. Ojal\u00e1 alg\u00fan dia se de, es un sue\u00f1o que tengo y espero que un d\u00eda lo pueda hacer realidad\u00bb. (Sobre la chance de jugar en Estados Unidos).<\/li>\n<li><!--[if lt IE 9]><script>document.createElement('audio');<\/script><![endif]-->\n<audio class=\"wp-audio-shortcode\" id=\"audio-6360-1\" preload=\"none\" style=\"width: 100%;\" controls=\"controls\"><source type=\"audio\/mpeg\" src=\"http:\/\/todoapulmon-rafaela.com\/wp-content\/uploads\/2017\/05\/8-5-17-MELISA.mp3?_=1\" \/><a href=\"http:\/\/todoapulmon-rafaela.com\/wp-content\/uploads\/2017\/05\/8-5-17-MELISA.mp3\">http:\/\/todoapulmon-rafaela.com\/wp-content\/uploads\/2017\/05\/8-5-17-MELISA.mp3<\/a><\/audio><\/li>\n<\/ul>\n","protected":false},"excerpt":{"rendered":"<p>Este lunes comenzamos la semana de Todo a Pulm\u00f3n radio conversando con Melisa Gretter. En uno de los momentos m\u00e1s<\/p>\n","protected":false},"author":2,"featured_media":6361,"comment_status":"open","ping_status":"open","sticky":false,"template":"","format":"standard","meta":{"footnotes":""},"categories":[5,24],"tags":[],"class_list":["post-6360","post","type-post","status-publish","format-standard","has-post-thumbnail","hentry","category-basquet","category-noticias-destacadas"],"cc_featured_image_caption":{"caption_text":"Meli Gretter en la noche de los festejos tras la consagraci\u00f3n con Americana Corinthians.","source_text":"","source_url":""},"_links":{"self":[{"href":"https:\/\/todoapulmon-rafaela.com\/index.php\/wp-json\/wp\/v2\/posts\/6360"}],"collection":[{"href":"https:\/\/todoapulmon-rafaela.com\/index.php\/wp-json\/wp\/v2\/posts"}],"about":[{"href":"https:\/\/todoapulmon-rafaela.com\/index.php\/wp-json\/wp\/v2\/types\/post"}],"author":[{"embeddable":true,"href":"https:\/\/todoapulmon-rafaela.com\/index.php\/wp-json\/wp\/v2\/users\/2"}],"replies":[{"embeddable":true,"href":"https:\/\/todoapulmon-rafaela.com\/index.php\/wp-json\/wp\/v2\/comments?post=6360"}],"version-history":[{"count":1,"href":"https:\/\/todoapulmon-rafaela.com\/index.php\/wp-json\/wp\/v2\/posts\/6360\/revisions"}],"predecessor-version":[{"id":6363,"href":"https:\/\/todoapulmon-rafaela.com\/index.php\/wp-json\/wp\/v2\/posts\/6360\/revisions\/6363"}],"wp:featuredmedia":[{"embeddable":true,"href":"https:\/\/todoapulmon-rafaela.com\/index.php\/wp-json\/wp\/v2\/media\/6361"}],"wp:attachment":[{"href":"https:\/\/todoapulmon-rafaela.com\/index.php\/wp-json\/wp\/v2\/media?parent=6360"}],"wp:term":[{"taxonomy":"category","embeddable":true,"href":"https:\/\/todoapulmon-rafaela.com\/index.php\/wp-json\/wp\/v2\/categories?post=6360"},{"taxonomy":"post_tag","embeddable":true,"href":"https:\/\/todoapulmon-rafaela.com\/index.php\/wp-json\/wp\/v2\/tags?post=6360"}],"curies":[{"name":"wp","href":"https:\/\/api.w.org\/{rel}","templated":true}]}}