{"id":63360,"date":"2026-03-02T00:39:04","date_gmt":"2026-03-02T00:39:04","guid":{"rendered":"https:\/\/todoapulmon-rafaela.com\/?p=63360"},"modified":"2026-03-02T00:42:37","modified_gmt":"2026-03-02T00:42:37","slug":"gretter-y-gentinetta-confirmadas-en-el-seleccionado-que-ira-por-la-clasificacion-al-mundial","status":"publish","type":"post","link":"https:\/\/todoapulmon-rafaela.com\/index.php\/2026\/03\/02\/gretter-y-gentinetta-confirmadas-en-el-seleccionado-que-ira-por-la-clasificacion-al-mundial\/","title":{"rendered":"Gretter y Gentinetta confirmadas en el seleccionado que ir\u00e1 por la clasificaci\u00f3n al Mundial"},"content":{"rendered":"<p>Con el objetivo mundialista cada vez m\u00e1s cerca, la Confederaci\u00f3n Argentina de B\u00e1squet oficializ\u00f3 la n\u00f3mina definitiva de 12 jugadoras que integrar\u00e1n la Selecci\u00f3n Mayor Femenina de cara al Torneo Clasificatorio rumbo a la Copa del Mundo Alemania 2026. El plantel se reunir\u00e1 el pr\u00f3ximo 5 de marzo en Madrid (Espa\u00f1a), con entrenamientos que se extender\u00e1n hasta el d\u00eda 8 antes de viajar a Estambul. El certamen se jugar\u00e1 del 11 al 17 del mes en la ciudad m\u00e1s poblada de Turqu\u00eda.<\/p>\n<p>El seleccionado estar\u00e1 integrado nuevamente por las dos jugadoras rafaelinas que vienen siendo parte del elenco nacional en los \u00faltimos a\u00f1os, la capitana Meli Gretter y Candela Gentinetta. Adem\u00e1s, estar\u00e1n Agostina Burani, Amaiquen Siciliano, Delfina Saravia, Diana Cabrera, Florencia Chagas, Florencia Mart\u00ednez, Julieta Mungo, Laila Raviolo, Macarena D\u00b4Urso y Victoria Gauna. El staff incorpor\u00f3 a Nerea Lagowski como jugadora invitada a la concentraci\u00f3n para entrenar con el primer equipo.<\/p>\n<p>La preconvocatoria incluy\u00f3 tambi\u00e9n a Agustina Marin, Dalma Piri, Giuliana Baccarelli, Gisel Botta, Julia Fern\u00e1ndez, Luciana Delabarba, Lucila Sampietro, Natassja Kolff, Nerea Lagowski, Nicole Tapari, Sof\u00eda Novoa y Sol Depetris.<\/p>\n<p>En relaci\u00f3n con la clasificaci\u00f3n en la AmeriCup 2025 de Santiago de Chile, el selectivo nacional conserva la estructura y la mayor\u00eda de los nombres que participaron del proceso anterior. La \u00fanica modificaci\u00f3n respecto de aquella n\u00f3mina es la ausencia de Andrea Boquete, quien no ser\u00e1 parte por cuestiones personales. De hecho, las mismas once fueron protagonistas de la consagraci\u00f3n en el Campeonato Sudamericano 2024 de Chile, ratificando la continuidad de un ciclo exitoso.<\/p>\n<p>Bajo un sistema de todos contra todos y con cinco presentaciones por equipo, Argentina iniciar\u00e1 su camino el 11 de marzo frente a Australia. Al d\u00eda siguiente se medir\u00e1 con el local y luego de una jornada de descanso volver\u00e1 a competir ante Canad\u00e1. El cronograma continuar\u00e1 el domingo 15 frente a Hungr\u00eda y culminar\u00e1 el martes 17 contra Jap\u00f3n. El torneo entrega tres plazas para la Copa del Mundo, con la salvedad de Australia por su t\u00edtulo en la AsiaCup.<\/p>\n<p><strong>SELECCI\u00d3N ARGENTINA &#8211; TORNEO CLASIFICATORIO<\/strong><br \/>\n#4 Siciliano, Amaiquen | Azul Marino Mallorca (Espa\u00f1a)<br \/>\n#5 Mart\u00ednez, Florencia | Uni\u00f3n Florida<br \/>\n#6 Raviolo, Laila | Independiente Neuqu\u00e9n<br \/>\n#7 Cabrera, Diana | Celta (Espa\u00f1a)<br \/>\n#9 Mungo, Julieta | FNB Ardoi (Espa\u00f1a)<br \/>\n#10 Burani, Agostina | Obras Sanitarias<br \/>\n#11 Gretter, Melisa | CAB Estepona (Espa\u00f1a)<br \/>\n#13 Gentinetta, Candela | Obras Sanitarias<br \/>\n#14 Chagas, Florencia | Obras Sanitarias<br \/>\n#20 D\u00b4Urso, Macarena | Club Deportivo La Salle (Espa\u00f1a)<br \/>\n#19 Saravia, Delfina | Uni\u00f3n Florida<br \/>\n#23 Gauna, Victoria | Al &#8211; Cazares Caceres (Espa\u00f1a)<\/p>\n<p><strong>Cronograma de Juego:<\/strong><br \/>\n11\/03 | Argentina vs. Australia<br \/>\n12\/03 | Argentina vs. Turqu\u00eda<br \/>\n13\/03 | D\u00eda de descanso<br \/>\n14\/03 | Argentina vs. Canad\u00e1<br \/>\n15\/03 | Argentina vs. Hungr\u00eda<br \/>\n16\/03 | D\u00eda de descanso<br \/>\n17\/03 | Argentina vs. Jap\u00f3n.<\/p>\n<p>Fuente: Prensa CAB.<\/p>\n","protected":false},"excerpt":{"rendered":"<p>Con el objetivo mundialista cada vez m\u00e1s cerca, la Confederaci\u00f3n Argentina de B\u00e1squet oficializ\u00f3 la n\u00f3mina definitiva de 12 jugadoras<\/p>\n","protected":false},"author":2,"featured_media":49505,"comment_status":"closed","ping_status":"closed","sticky":false,"template":"","format":"standard","meta":{"footnotes":""},"categories":[5],"tags":[],"class_list":["post-63360","post","type-post","status-publish","format-standard","has-post-thumbnail","hentry","category-basquet"],"cc_featured_image_caption":{"caption_text":"","source_text":"","source_url":""},"_links":{"self":[{"href":"https:\/\/todoapulmon-rafaela.com\/index.php\/wp-json\/wp\/v2\/posts\/63360"}],"collection":[{"href":"https:\/\/todoapulmon-rafaela.com\/index.php\/wp-json\/wp\/v2\/posts"}],"about":[{"href":"https:\/\/todoapulmon-rafaela.com\/index.php\/wp-json\/wp\/v2\/types\/post"}],"author":[{"embeddable":true,"href":"https:\/\/todoapulmon-rafaela.com\/index.php\/wp-json\/wp\/v2\/users\/2"}],"replies":[{"embeddable":true,"href":"https:\/\/todoapulmon-rafaela.com\/index.php\/wp-json\/wp\/v2\/comments?post=63360"}],"version-history":[{"count":3,"href":"https:\/\/todoapulmon-rafaela.com\/index.php\/wp-json\/wp\/v2\/posts\/63360\/revisions"}],"predecessor-version":[{"id":63364,"href":"https:\/\/todoapulmon-rafaela.com\/index.php\/wp-json\/wp\/v2\/posts\/63360\/revisions\/63364"}],"wp:featuredmedia":[{"embeddable":true,"href":"https:\/\/todoapulmon-rafaela.com\/index.php\/wp-json\/wp\/v2\/media\/49505"}],"wp:attachment":[{"href":"https:\/\/todoapulmon-rafaela.com\/index.php\/wp-json\/wp\/v2\/media?parent=63360"}],"wp:term":[{"taxonomy":"category","embeddable":true,"href":"https:\/\/todoapulmon-rafaela.com\/index.php\/wp-json\/wp\/v2\/categories?post=63360"},{"taxonomy":"post_tag","embeddable":true,"href":"https:\/\/todoapulmon-rafaela.com\/index.php\/wp-json\/wp\/v2\/tags?post=63360"}],"curies":[{"name":"wp","href":"https:\/\/api.w.org\/{rel}","templated":true}]}}