{"id":63339,"date":"2026-03-01T02:19:47","date_gmt":"2026-03-01T02:19:47","guid":{"rendered":"https:\/\/todoapulmon-rafaela.com\/?p=63339"},"modified":"2026-03-01T02:23:46","modified_gmt":"2026-03-01T02:23:46","slug":"runnea-brillo-en-la-sonder-nocturna","status":"publish","type":"post","link":"https:\/\/todoapulmon-rafaela.com\/index.php\/2026\/03\/01\/runnea-brillo-en-la-sonder-nocturna\/","title":{"rendered":"Runnea brill\u00f3 en la Sonder Nocturna"},"content":{"rendered":"<p>Este s\u00e1bado se corri\u00f3 en Rosario la tradicional carrera Nocturna Sonder, una de las m\u00e1s importantes del calendario nacional y referencia para el inicio de la temporada pedestre.<\/p>\n<p>Los representantes de Runnea Rafaela entrenados por Ariel Magallanes y Roc\u00edo Donnet tuvieron grandes resultados.<\/p>\n<p>La prueba de 4k tuvo como vencedora a la juvenil Sof\u00eda Fregona con un tiempo de 12 minutos y 3 segundos. En tanto, Florencia Berm\u00fadez fue segunda con 12m 23s.<\/p>\n<p>Por su parte, Benjam\u00edn Castillo Molina fue el mejor de nuestra comunidad en los 10k en el puesto 14 con registro de 31m 23s.<\/p>\n<p><img loading=\"lazy\" decoding=\"async\" class=\"alignnone size-full wp-image-63341\" src=\"https:\/\/todoapulmon-rafaela.com\/wp-content\/uploads\/2026\/03\/IMG-20260228-WA0012-scaled.jpg\" alt=\"\" width=\"1440\" height=\"2560\" srcset=\"https:\/\/todoapulmon-rafaela.com\/wp-content\/uploads\/2026\/03\/IMG-20260228-WA0012-scaled.jpg 1440w, https:\/\/todoapulmon-rafaela.com\/wp-content\/uploads\/2026\/03\/IMG-20260228-WA0012-169x300.jpg 169w, https:\/\/todoapulmon-rafaela.com\/wp-content\/uploads\/2026\/03\/IMG-20260228-WA0012-844x1500.jpg 844w, https:\/\/todoapulmon-rafaela.com\/wp-content\/uploads\/2026\/03\/IMG-20260228-WA0012-864x1536.jpg 864w, https:\/\/todoapulmon-rafaela.com\/wp-content\/uploads\/2026\/03\/IMG-20260228-WA0012-1152x2048.jpg 1152w\" sizes=\"(max-width: 1440px) 100vw, 1440px\" \/><\/p>\n<p>As\u00ed los atletas de Runnea demostraron su alto nivel en el evento que convoc\u00f3 a m\u00e1s de 8.000 participantes.<\/p>\n","protected":false},"excerpt":{"rendered":"<p>Este s\u00e1bado se corri\u00f3 en Rosario la tradicional carrera Nocturna Sonder, una de las m\u00e1s importantes del calendario nacional y<\/p>\n","protected":false},"author":2,"featured_media":63340,"comment_status":"closed","ping_status":"closed","sticky":false,"template":"","format":"standard","meta":{"footnotes":""},"categories":[7,24],"tags":[],"class_list":["post-63339","post","type-post","status-publish","format-standard","has-post-thumbnail","hentry","category-atletismo","category-noticias-destacadas"],"cc_featured_image_caption":{"caption_text":"","source_text":"","source_url":""},"_links":{"self":[{"href":"https:\/\/todoapulmon-rafaela.com\/index.php\/wp-json\/wp\/v2\/posts\/63339"}],"collection":[{"href":"https:\/\/todoapulmon-rafaela.com\/index.php\/wp-json\/wp\/v2\/posts"}],"about":[{"href":"https:\/\/todoapulmon-rafaela.com\/index.php\/wp-json\/wp\/v2\/types\/post"}],"author":[{"embeddable":true,"href":"https:\/\/todoapulmon-rafaela.com\/index.php\/wp-json\/wp\/v2\/users\/2"}],"replies":[{"embeddable":true,"href":"https:\/\/todoapulmon-rafaela.com\/index.php\/wp-json\/wp\/v2\/comments?post=63339"}],"version-history":[{"count":3,"href":"https:\/\/todoapulmon-rafaela.com\/index.php\/wp-json\/wp\/v2\/posts\/63339\/revisions"}],"predecessor-version":[{"id":63344,"href":"https:\/\/todoapulmon-rafaela.com\/index.php\/wp-json\/wp\/v2\/posts\/63339\/revisions\/63344"}],"wp:featuredmedia":[{"embeddable":true,"href":"https:\/\/todoapulmon-rafaela.com\/index.php\/wp-json\/wp\/v2\/media\/63340"}],"wp:attachment":[{"href":"https:\/\/todoapulmon-rafaela.com\/index.php\/wp-json\/wp\/v2\/media?parent=63339"}],"wp:term":[{"taxonomy":"category","embeddable":true,"href":"https:\/\/todoapulmon-rafaela.com\/index.php\/wp-json\/wp\/v2\/categories?post=63339"},{"taxonomy":"post_tag","embeddable":true,"href":"https:\/\/todoapulmon-rafaela.com\/index.php\/wp-json\/wp\/v2\/tags?post=63339"}],"curies":[{"name":"wp","href":"https:\/\/api.w.org\/{rel}","templated":true}]}}