{"id":63059,"date":"2026-02-14T19:33:14","date_gmt":"2026-02-14T19:33:14","guid":{"rendered":"https:\/\/todoapulmon-rafaela.com\/?p=63059"},"modified":"2026-02-14T19:33:14","modified_gmt":"2026-02-14T19:33:14","slug":"feliz-por-el-resultado","status":"publish","type":"post","link":"https:\/\/todoapulmon-rafaela.com\/index.php\/2026\/02\/14\/feliz-por-el-resultado\/","title":{"rendered":"\u00abFeliz por el resultado\u00bb"},"content":{"rendered":"<p>A su regreso de M\u00e9xico, donde ocup\u00f3 el segundo puesto en la Ultramarat\u00f3n realizada en Canc\u00fan en la distancia de seis horas, el rafaelino Agust\u00edn Pecantet nos cont\u00f3 sus sensaciones:<\/p>\n<p>\u00abContento, ha sido un lindo inicio de a\u00f1o, lo esperaba porque estaba invitado hace bastante tiempo. Feliz por el resultado, por conocer la gente y corredores de buen nivel, me contact\u00e9 luego de la carrera con el ecuatoriano que gan\u00f3 y pude ver gente que est\u00e1 trabajando con vol\u00famenes altos como yo, para tener referencias\u00bb, mencion\u00f3 el ultramaratonista.<\/p>\n<p>Sobre su idea de frecuencia de este tipo de exigentes competencias, manifest\u00f3 que \u00abel tema de la ultra siempre se trabaja, lo ideal es con una al mes, sobre todo en las seis horas que es la que hice yo y con un volumen alto de kil\u00f3metros\u00bb.<\/p>\n<p>Apunt\u00f3 que \u00aben el pa\u00eds se suspendi\u00f3 una prevista en marzo, pero pensamos en arrancar lo mas temprano posible en el calendario, para sumar la mayor cantidad de kil\u00f3metros y clasificaciones\u00bb.<\/p>\n<p>En cuanto a posibilidades de otras citas en el exterior, mencion\u00f3 que \u00abhay algunas carreras tambi\u00e9n que estoy convocado, la idea es hacerlas pero se dificulta con lo econ\u00f3mico. Todo se va a dar por el dinero y por los tiempos, lo importante es seguir con las participaciones, y es lindo que de Argentina se vayan prendiendo muchos corredores. En M\u00e9xico hab\u00eda cuatro argentinos y es lindo contactarse en otros atletas\u00bb.<\/p>\n<p>Acot\u00f3 sobre la distancia elegida que \u00abla verdad que no me siento preparado todav\u00eda para las doce horas, nunca la compet\u00ed, y me siento bien en las seis horas. La idea es consolidarme ahi y sacar una buena marca a mitad de a\u00f1o, porque siempre digo que el fr\u00edo me ayuda\u00bb.<\/p>\n","protected":false},"excerpt":{"rendered":"<p>A su regreso de M\u00e9xico, donde ocup\u00f3 el segundo puesto en la Ultramarat\u00f3n realizada en Canc\u00fan en la distancia de<\/p>\n","protected":false},"author":2,"featured_media":63061,"comment_status":"closed","ping_status":"closed","sticky":false,"template":"","format":"standard","meta":{"footnotes":""},"categories":[7,24],"tags":[],"class_list":["post-63059","post","type-post","status-publish","format-standard","has-post-thumbnail","hentry","category-atletismo","category-noticias-destacadas"],"cc_featured_image_caption":{"caption_text":"","source_text":"","source_url":""},"_links":{"self":[{"href":"https:\/\/todoapulmon-rafaela.com\/index.php\/wp-json\/wp\/v2\/posts\/63059"}],"collection":[{"href":"https:\/\/todoapulmon-rafaela.com\/index.php\/wp-json\/wp\/v2\/posts"}],"about":[{"href":"https:\/\/todoapulmon-rafaela.com\/index.php\/wp-json\/wp\/v2\/types\/post"}],"author":[{"embeddable":true,"href":"https:\/\/todoapulmon-rafaela.com\/index.php\/wp-json\/wp\/v2\/users\/2"}],"replies":[{"embeddable":true,"href":"https:\/\/todoapulmon-rafaela.com\/index.php\/wp-json\/wp\/v2\/comments?post=63059"}],"version-history":[{"count":1,"href":"https:\/\/todoapulmon-rafaela.com\/index.php\/wp-json\/wp\/v2\/posts\/63059\/revisions"}],"predecessor-version":[{"id":63060,"href":"https:\/\/todoapulmon-rafaela.com\/index.php\/wp-json\/wp\/v2\/posts\/63059\/revisions\/63060"}],"wp:featuredmedia":[{"embeddable":true,"href":"https:\/\/todoapulmon-rafaela.com\/index.php\/wp-json\/wp\/v2\/media\/63061"}],"wp:attachment":[{"href":"https:\/\/todoapulmon-rafaela.com\/index.php\/wp-json\/wp\/v2\/media?parent=63059"}],"wp:term":[{"taxonomy":"category","embeddable":true,"href":"https:\/\/todoapulmon-rafaela.com\/index.php\/wp-json\/wp\/v2\/categories?post=63059"},{"taxonomy":"post_tag","embeddable":true,"href":"https:\/\/todoapulmon-rafaela.com\/index.php\/wp-json\/wp\/v2\/tags?post=63059"}],"curies":[{"name":"wp","href":"https:\/\/api.w.org\/{rel}","templated":true}]}}