{"id":62810,"date":"2026-01-29T19:35:43","date_gmt":"2026-01-29T19:35:43","guid":{"rendered":"https:\/\/todoapulmon-rafaela.com\/?p=62810"},"modified":"2026-01-29T19:35:43","modified_gmt":"2026-01-29T19:35:43","slug":"el-techado-del-velodromo-empieza-a-ser-realidad","status":"publish","type":"post","link":"https:\/\/todoapulmon-rafaela.com\/index.php\/2026\/01\/29\/el-techado-del-velodromo-empieza-a-ser-realidad\/","title":{"rendered":"El techado del vel\u00f3dromo empieza a ser realidad"},"content":{"rendered":"<p>El nuevo vel\u00f3dromo que contar\u00e1 nuestra ciudad de cara a los Juegos Suramericanos 2026 sigue mostrando avances diarios trascendentes.<\/p>\n<p>Ya se est\u00e1 desarrollando la etapa del techado, con un 50 por ciento aproximado de la obra realizada.<\/p>\n<p>Luego, la empresa Mecall seguir\u00e1 con la\u00a0parte de la obra exterior de adoquinados, terminaci\u00f3n de la mamposter\u00eda que se comenzar\u00e1 la semana que viene, aberturas y artefactos sanitarios.<\/p>\n<p><img loading=\"lazy\" decoding=\"async\" class=\"alignnone size-full wp-image-62813\" src=\"https:\/\/todoapulmon-rafaela.com\/wp-content\/uploads\/2026\/01\/Nuevo-velodromo-enero.jpg\" alt=\"\" width=\"2560\" height=\"1440\" srcset=\"https:\/\/todoapulmon-rafaela.com\/wp-content\/uploads\/2026\/01\/Nuevo-velodromo-enero.jpg 2560w, https:\/\/todoapulmon-rafaela.com\/wp-content\/uploads\/2026\/01\/Nuevo-velodromo-enero-300x169.jpg 300w, https:\/\/todoapulmon-rafaela.com\/wp-content\/uploads\/2026\/01\/Nuevo-velodromo-enero-1536x864.jpg 1536w, https:\/\/todoapulmon-rafaela.com\/wp-content\/uploads\/2026\/01\/Nuevo-velodromo-enero-2048x1152.jpg 2048w\" sizes=\"(max-width: 2560px) 100vw, 2560px\" \/><\/p>\n<p>Respecto a la colocaci\u00f3n de la pista de madera, que ser\u00e1 el paso final, recordemos que hace dos semanas cuando se efectu\u00f3 una recorrida, el Secretario de Obras P\u00fablicas provincial Marcelo Pascual\u00f3n expres\u00f3 que \u00abse est\u00e1n ejecutando las obras necesarias para su futura instalaci\u00f3n. Nos encontramos en proceso licitatorio para su adquisici\u00f3n; se trata de una pista de madera con un proceso de aclimataci\u00f3n muy espec\u00edfico, que debe adaptarse a las condiciones de temperatura y humedad de cada regi\u00f3n. Por ese motivo, estamos recurriendo a las principales marcas internacionales para su importaci\u00f3n\u201d.<\/p>\n<p>Las competencias de los Juegos Suramericanos 2026 se desarrollar\u00e1n del 12 al 26 de septiembre en Rosario, Santa Fe y Rafaela.<\/p>\n","protected":false},"excerpt":{"rendered":"<p>El nuevo vel\u00f3dromo que contar\u00e1 nuestra ciudad de cara a los Juegos Suramericanos 2026 sigue mostrando avances diarios trascendentes. Ya<\/p>\n","protected":false},"author":2,"featured_media":62811,"comment_status":"closed","ping_status":"closed","sticky":false,"template":"","format":"standard","meta":{"footnotes":""},"categories":[4,24],"tags":[],"class_list":["post-62810","post","type-post","status-publish","format-standard","has-post-thumbnail","hentry","category-ciclismo","category-noticias-destacadas"],"cc_featured_image_caption":{"caption_text":"","source_text":"","source_url":""},"_links":{"self":[{"href":"https:\/\/todoapulmon-rafaela.com\/index.php\/wp-json\/wp\/v2\/posts\/62810"}],"collection":[{"href":"https:\/\/todoapulmon-rafaela.com\/index.php\/wp-json\/wp\/v2\/posts"}],"about":[{"href":"https:\/\/todoapulmon-rafaela.com\/index.php\/wp-json\/wp\/v2\/types\/post"}],"author":[{"embeddable":true,"href":"https:\/\/todoapulmon-rafaela.com\/index.php\/wp-json\/wp\/v2\/users\/2"}],"replies":[{"embeddable":true,"href":"https:\/\/todoapulmon-rafaela.com\/index.php\/wp-json\/wp\/v2\/comments?post=62810"}],"version-history":[{"count":1,"href":"https:\/\/todoapulmon-rafaela.com\/index.php\/wp-json\/wp\/v2\/posts\/62810\/revisions"}],"predecessor-version":[{"id":62814,"href":"https:\/\/todoapulmon-rafaela.com\/index.php\/wp-json\/wp\/v2\/posts\/62810\/revisions\/62814"}],"wp:featuredmedia":[{"embeddable":true,"href":"https:\/\/todoapulmon-rafaela.com\/index.php\/wp-json\/wp\/v2\/media\/62811"}],"wp:attachment":[{"href":"https:\/\/todoapulmon-rafaela.com\/index.php\/wp-json\/wp\/v2\/media?parent=62810"}],"wp:term":[{"taxonomy":"category","embeddable":true,"href":"https:\/\/todoapulmon-rafaela.com\/index.php\/wp-json\/wp\/v2\/categories?post=62810"},{"taxonomy":"post_tag","embeddable":true,"href":"https:\/\/todoapulmon-rafaela.com\/index.php\/wp-json\/wp\/v2\/tags?post=62810"}],"curies":[{"name":"wp","href":"https:\/\/api.w.org\/{rel}","templated":true}]}}