{"id":6255,"date":"2017-05-05T03:48:53","date_gmt":"2017-05-05T03:48:53","guid":{"rendered":"http:\/\/todoapulmon-rafaela.com\/?p=6255"},"modified":"2017-05-05T03:48:53","modified_gmt":"2017-05-05T03:48:53","slug":"se-viene-el-rural-bike-en-rafaela","status":"publish","type":"post","link":"https:\/\/todoapulmon-rafaela.com\/index.php\/2017\/05\/05\/se-viene-el-rural-bike-en-rafaela\/","title":{"rendered":"Se viene el Rural Bike en Rafaela"},"content":{"rendered":"<p>Este domingo 7 de mayo, a partir de las 11, se desarrollar\u00e1 la cuarta fecha del torneo santafesino de Rural Bike con la organizaci\u00f3n del Club Ciclista de Rafaela. Las inscripciones comenzar\u00e1n a partir de las 8.30.<\/p>\n<p>Hay una importante expectativa por la competencia, motivo por el cual seguramente habr\u00e1 un buen espect\u00e1culo con una nutrida cantidad de pedalistas de toda la regi\u00f3n. La largada y llegada ser\u00e1 dentro del predio de la entidad.<\/p>\n<p>Este jueves en Todo a Pulm\u00f3n radio dialogamos con Hugo Vazquez, dirigente de la entidad organizadora, quien nos brind\u00f3 precisiones sobre la competencia:<\/p>\n<p>Este es el audio:<\/p>\n<!--[if lt IE 9]><script>document.createElement('audio');<\/script><![endif]-->\n<audio class=\"wp-audio-shortcode\" id=\"audio-6255-1\" preload=\"none\" style=\"width: 100%;\" controls=\"controls\"><source type=\"audio\/mpeg\" src=\"http:\/\/todoapulmon-rafaela.com\/wp-content\/uploads\/2017\/05\/4-5-17-VAZQUE.mp3?_=1\" \/><a href=\"http:\/\/todoapulmon-rafaela.com\/wp-content\/uploads\/2017\/05\/4-5-17-VAZQUE.mp3\">http:\/\/todoapulmon-rafaela.com\/wp-content\/uploads\/2017\/05\/4-5-17-VAZQUE.mp3<\/a><\/audio>\n","protected":false},"excerpt":{"rendered":"<p>Este domingo 7 de mayo, a partir de las 11, se desarrollar\u00e1 la cuarta fecha del torneo santafesino de Rural<\/p>\n","protected":false},"author":2,"featured_media":6256,"comment_status":"open","ping_status":"open","sticky":false,"template":"","format":"standard","meta":{"footnotes":""},"categories":[4,24],"tags":[],"class_list":["post-6255","post","type-post","status-publish","format-standard","has-post-thumbnail","hentry","category-ciclismo","category-noticias-destacadas"],"cc_featured_image_caption":{"caption_text":"El Rural Bike santafesino tendr\u00e1 la tradicional largada en el vel\u00f3dromo.","source_text":"","source_url":""},"_links":{"self":[{"href":"https:\/\/todoapulmon-rafaela.com\/index.php\/wp-json\/wp\/v2\/posts\/6255"}],"collection":[{"href":"https:\/\/todoapulmon-rafaela.com\/index.php\/wp-json\/wp\/v2\/posts"}],"about":[{"href":"https:\/\/todoapulmon-rafaela.com\/index.php\/wp-json\/wp\/v2\/types\/post"}],"author":[{"embeddable":true,"href":"https:\/\/todoapulmon-rafaela.com\/index.php\/wp-json\/wp\/v2\/users\/2"}],"replies":[{"embeddable":true,"href":"https:\/\/todoapulmon-rafaela.com\/index.php\/wp-json\/wp\/v2\/comments?post=6255"}],"version-history":[{"count":1,"href":"https:\/\/todoapulmon-rafaela.com\/index.php\/wp-json\/wp\/v2\/posts\/6255\/revisions"}],"predecessor-version":[{"id":6258,"href":"https:\/\/todoapulmon-rafaela.com\/index.php\/wp-json\/wp\/v2\/posts\/6255\/revisions\/6258"}],"wp:featuredmedia":[{"embeddable":true,"href":"https:\/\/todoapulmon-rafaela.com\/index.php\/wp-json\/wp\/v2\/media\/6256"}],"wp:attachment":[{"href":"https:\/\/todoapulmon-rafaela.com\/index.php\/wp-json\/wp\/v2\/media?parent=6255"}],"wp:term":[{"taxonomy":"category","embeddable":true,"href":"https:\/\/todoapulmon-rafaela.com\/index.php\/wp-json\/wp\/v2\/categories?post=6255"},{"taxonomy":"post_tag","embeddable":true,"href":"https:\/\/todoapulmon-rafaela.com\/index.php\/wp-json\/wp\/v2\/tags?post=6255"}],"curies":[{"name":"wp","href":"https:\/\/api.w.org\/{rel}","templated":true}]}}