{"id":62536,"date":"2026-01-09T20:57:54","date_gmt":"2026-01-09T20:57:54","guid":{"rendered":"https:\/\/todoapulmon-rafaela.com\/?p=62536"},"modified":"2026-01-09T20:57:54","modified_gmt":"2026-01-09T20:57:54","slug":"comienza-la-liga-nacional-con-presencia-rafaelina","status":"publish","type":"post","link":"https:\/\/todoapulmon-rafaela.com\/index.php\/2026\/01\/09\/comienza-la-liga-nacional-con-presencia-rafaelina\/","title":{"rendered":"Comienza la Liga Nacional con presencia rafaelina"},"content":{"rendered":"<p>A partir de este viernes 9 de enero se disputar\u00e1 la Liga Nacional de Voleibol Masculina, con la participaci\u00f3n de 16 equipos divididos en dos zonas. Uno de ellos ser\u00e1n Gimnasia y Esgrima de Santa Fe, con la presencia en su plantel del juvenil opuesto rafaelino Patricio Minetti.<\/p>\n<p>Durante la fase regular, se enfrentar\u00e1n todos contra todos en formato ida y vuelta. Los mejores cuatro equipos de cada zona, avanzar\u00e1n a Play Off. Mientras que, los equipos restantes, jugar\u00e1n por la Permanencia.<\/p>\n<p>El debut de Gimnasia ser\u00e1 el d\u00eda s\u00e1bado 10, visitando a Estudiantes de La Plata.<\/p>\n<p>Todos los partidos contar\u00e1n con streaming a cargo del equipo local.<\/p>\n<p>El inicio ser\u00e1 con juego en Paran\u00e1, C\u00f3rdoba, San Luis, Capital Federal, La Plata y Rosario.<\/p>\n<p><strong>FIXTURE \u2013 FECHA 1<\/strong><\/p>\n<p><strong>VIERNES 9<\/strong><\/p>\n<ul>\n<li>Lanifur vs Libertad<\/li>\n<li>La Calera vs Villa Dora<\/li>\n<\/ul>\n<p><strong>S\u00c1BADO 10 (21hs)<\/strong><\/p>\n<ul>\n<li>Ferrocarril Oeste vs Citta<\/li>\n<li>Estudiantes de La Plata vs GyE de Santa Fe<\/li>\n<li>Echag\u00fce y Uni\u00f3n Vecinal de Trinidad<\/li>\n<li>Rowing vs Obras de San Juan<\/li>\n<li>Sonder vs Ateneo<\/li>\n<li>Normal N\u00b03 vs Infernales V\u00f3ley<\/li>\n<\/ul>\n<p><strong>DOMINGO 11 (19hs)<\/strong><\/p>\n<ul>\n<li>Lanifur vs Villa Dora<\/li>\n<li>La Calera vs Libertad<\/li>\n<li>Estudiantes de La Plata vs Citta<\/li>\n<li>Ferrocarril Oeste vs GyE de Santa Fe<\/li>\n<li>Rowing vs Uni\u00f3n Vecinal de Trinidad<\/li>\n<li>Echag\u00fce vs Obras de San Juan<\/li>\n<li>Normal N\u00b03 vs Ateneo<\/li>\n<li>Sonder vs Infernales V\u00f3ley.<\/li>\n<\/ul>\n","protected":false},"excerpt":{"rendered":"<p>A partir de este viernes 9 de enero se disputar\u00e1 la Liga Nacional de Voleibol Masculina, con la participaci\u00f3n de<\/p>\n","protected":false},"author":2,"featured_media":62537,"comment_status":"closed","ping_status":"closed","sticky":false,"template":"","format":"standard","meta":{"footnotes":""},"categories":[24,16],"tags":[],"class_list":["post-62536","post","type-post","status-publish","format-standard","has-post-thumbnail","hentry","category-noticias-destacadas","category-voley"],"cc_featured_image_caption":{"caption_text":"Los opuestos Agust\u00edn Moyano, Patricio Minetti, Lucas Paiva y Augusto Masueco (Foto Voley Gimnasia).","source_text":"","source_url":""},"_links":{"self":[{"href":"https:\/\/todoapulmon-rafaela.com\/index.php\/wp-json\/wp\/v2\/posts\/62536"}],"collection":[{"href":"https:\/\/todoapulmon-rafaela.com\/index.php\/wp-json\/wp\/v2\/posts"}],"about":[{"href":"https:\/\/todoapulmon-rafaela.com\/index.php\/wp-json\/wp\/v2\/types\/post"}],"author":[{"embeddable":true,"href":"https:\/\/todoapulmon-rafaela.com\/index.php\/wp-json\/wp\/v2\/users\/2"}],"replies":[{"embeddable":true,"href":"https:\/\/todoapulmon-rafaela.com\/index.php\/wp-json\/wp\/v2\/comments?post=62536"}],"version-history":[{"count":1,"href":"https:\/\/todoapulmon-rafaela.com\/index.php\/wp-json\/wp\/v2\/posts\/62536\/revisions"}],"predecessor-version":[{"id":62538,"href":"https:\/\/todoapulmon-rafaela.com\/index.php\/wp-json\/wp\/v2\/posts\/62536\/revisions\/62538"}],"wp:featuredmedia":[{"embeddable":true,"href":"https:\/\/todoapulmon-rafaela.com\/index.php\/wp-json\/wp\/v2\/media\/62537"}],"wp:attachment":[{"href":"https:\/\/todoapulmon-rafaela.com\/index.php\/wp-json\/wp\/v2\/media?parent=62536"}],"wp:term":[{"taxonomy":"category","embeddable":true,"href":"https:\/\/todoapulmon-rafaela.com\/index.php\/wp-json\/wp\/v2\/categories?post=62536"},{"taxonomy":"post_tag","embeddable":true,"href":"https:\/\/todoapulmon-rafaela.com\/index.php\/wp-json\/wp\/v2\/tags?post=62536"}],"curies":[{"name":"wp","href":"https:\/\/api.w.org\/{rel}","templated":true}]}}